{"id":2954,"date":"2015-03-13T21:20:10","date_gmt":"2015-03-13T23:20:10","guid":{"rendered":"http:\/\/www.ifbaiano.edu.br\/unidades\/lapa\/?p=2954"},"modified":"2015-03-13T22:18:41","modified_gmt":"2015-03-14T00:18:41","slug":"edital-de-selecao-para-vagas-remanescentes-do-curso-de-agricultura","status":"publish","type":"post","link":"https:\/\/www.ifbaiano.edu.br\/unidades\/lapa\/2015\/03\/13\/edital-de-selecao-para-vagas-remanescentes-do-curso-de-agricultura\/","title":{"rendered":"Sele\u00e7\u00e3o para Vagas Remanescentes do Curso de Agricultura: Edital e demais publica\u00e7\u00f5es"},"content":{"rendered":"<p><a href=\"http:\/\/www.ifbaiano.edu.br\/unidades\/lapa\/files\/2015\/03\/Figura1.jpg\"><img decoding=\"async\" loading=\"lazy\" class=\"alignleft size-medium wp-image-2975\" src=\"http:\/\/www.ifbaiano.edu.br\/unidades\/lapa\/files\/2015\/03\/Figura1-300x213.jpg\" alt=\"\" width=\"300\" height=\"213\" srcset=\"https:\/\/www.ifbaiano.edu.br\/unidades\/lapa\/files\/2015\/03\/Figura1-300x213.jpg 300w, https:\/\/www.ifbaiano.edu.br\/unidades\/lapa\/files\/2015\/03\/Figura1-1024x729.jpg 1024w, https:\/\/www.ifbaiano.edu.br\/unidades\/lapa\/files\/2015\/03\/Figura1-400x285.jpg 400w\" sizes=\"(max-width: 300px) 100vw, 300px\" \/><\/a><\/p>\n<p>A Dire\u00e7\u00e3o Geral do IF Baiano &#8211; Campus Bom Jesus da lapa torna p\u00fablico o Edital 04\/2015, que trata da sele\u00e7\u00e3o para vagas remanescentes do Curso T\u00e9cnico em Agricultura Subsequente, Turno Vespertino.<\/p>\n<p><!--more--><\/p>\n<p>As inscri\u00e7\u00f5es est\u00e3o abertas no per\u00edodo de 11 a 13 de mar\u00e7o de 2015, no site: www.ifbaiano.edu.br\/unidades\/lapa, clicando no link: Processos Seletivos.<\/p>\n<p><a href=\"http:\/\/www.ifbaiano.edu.br\/unidades\/lapa\/files\/2015\/03\/edital_vagas_remanescentes_lapa.pdf\">Acessem aqui o Edital<\/a><\/p>\n<p><a title=\"Inscri\u00e7\u00f5es para o Edital n\u00ba 04, de 09 de mar\u00e7o de 2015\" href=\"https:\/\/docs.google.com\/forms\/d\/1qEbgyn81Xc6pqNPCvH7e1Lm1afR6UZShGGpJperAPJk\/viewform\">Fa\u00e7a sua inscri\u00e7\u00e3o aqui<\/a> &#8211; ENCERRADAS.<\/p>\n<p>&nbsp;<\/p>\n<p><a href=\"http:\/\/www.ifbaiano.edu.br\/unidades\/lapa\/files\/2015\/03\/inscritosPorVaga.pdf\">Inscritos por Vaga<\/a> <strong><span style=\"color: #ff0000\">&#8211; NOVO!<\/span><\/strong><\/p>\n<p><a href=\"http:\/\/www.ifbaiano.edu.br\/unidades\/lapa\/files\/2015\/03\/homologacao.pdf\">Homologa\u00e7\u00e3o das Inscri\u00e7\u00f5es e Datas das Entregas de Documentos e Entrevistas<\/a> <strong><span style=\"color: #ff0000\">&#8211; NOVO!<\/span><\/strong><\/p>\n<p>&nbsp;<\/p>\n<p>&nbsp;<\/p>\n<p>Fonte: Comiss\u00e3o do Processo Seletivo<\/p>\n","protected":false},"excerpt":{"rendered":"<p>A Dire\u00e7\u00e3o Geral do IF Baiano &#8211; Campus Bom Jesus da lapa torna p\u00fablico o Edital 04\/2015, que trata da sele\u00e7\u00e3o para vagas remanescentes do Curso T\u00e9cnico em Agricultura Subsequente, Turno Vespertino.<\/p>\n","protected":false},"author":36,"featured_media":0,"comment_status":"open","ping_status":"open","sticky":false,"template":"","format":"standard","meta":[],"categories":[1],"tags":[],"_links":{"self":[{"href":"https:\/\/www.ifbaiano.edu.br\/unidades\/lapa\/wp-json\/wp\/v2\/posts\/2954"}],"collection":[{"href":"https:\/\/www.ifbaiano.edu.br\/unidades\/lapa\/wp-json\/wp\/v2\/posts"}],"about":[{"href":"https:\/\/www.ifbaiano.edu.br\/unidades\/lapa\/wp-json\/wp\/v2\/types\/post"}],"author":[{"embeddable":true,"href":"https:\/\/www.ifbaiano.edu.br\/unidades\/lapa\/wp-json\/wp\/v2\/users\/36"}],"replies":[{"embeddable":true,"href":"https:\/\/www.ifbaiano.edu.br\/unidades\/lapa\/wp-json\/wp\/v2\/comments?post=2954"}],"version-history":[{"count":14,"href":"https:\/\/www.ifbaiano.edu.br\/unidades\/lapa\/wp-json\/wp\/v2\/posts\/2954\/revisions"}],"predecessor-version":[{"id":2986,"href":"https:\/\/www.ifbaiano.edu.br\/unidades\/lapa\/wp-json\/wp\/v2\/posts\/2954\/revisions\/2986"}],"wp:attachment":[{"href":"https:\/\/www.ifbaiano.edu.br\/unidades\/lapa\/wp-json\/wp\/v2\/media?parent=2954"}],"wp:term":[{"taxonomy":"category","embeddable":true,"href":"https:\/\/www.ifbaiano.edu.br\/unidades\/lapa\/wp-json\/wp\/v2\/categories?post=2954"},{"taxonomy":"post_tag","embeddable":true,"href":"https:\/\/www.ifbaiano.edu.br\/unidades\/lapa\/wp-json\/wp\/v2\/tags?post=2954"}],"curies":[{"name":"wp","href":"https:\/\/api.w.org\/{rel}","templated":true}]}}