{"id":29740,"date":"2025-05-08T16:19:49","date_gmt":"2025-05-08T19:19:49","guid":{"rendered":"https:\/\/www.ifbaiano.edu.br\/unidades\/lapa\/?p=29740"},"modified":"2025-05-08T16:19:49","modified_gmt":"2025-05-08T19:19:49","slug":"homologacao-das-inscricoes-publicada-paise-2025","status":"publish","type":"post","link":"https:\/\/www.ifbaiano.edu.br\/unidades\/lapa\/2025\/05\/08\/homologacao-das-inscricoes-publicada-paise-2025\/","title":{"rendered":"HOMOLOGA\u00c7\u00c3O DAS INSCRI\u00c7\u00d5ES PUBLICADA &#8211; PAISE 2025"},"content":{"rendered":"\n<figure class=\"wp-block-image size-large\"><img decoding=\"async\" loading=\"lazy\" width=\"1024\" height=\"1024\" src=\"https:\/\/www.ifbaiano.edu.br\/unidades\/lapa\/files\/2025\/05\/1484-Post-instagram-volta-as-aulas-matriculas-abertas-menino-azul-1024x1024.webp\" alt=\"\" class=\"wp-image-29741\" srcset=\"https:\/\/www.ifbaiano.edu.br\/unidades\/lapa\/files\/2025\/05\/1484-Post-instagram-volta-as-aulas-matriculas-abertas-menino-azul-1024x1024.webp 1024w, https:\/\/www.ifbaiano.edu.br\/unidades\/lapa\/files\/2025\/05\/1484-Post-instagram-volta-as-aulas-matriculas-abertas-menino-azul-300x300.webp 300w, https:\/\/www.ifbaiano.edu.br\/unidades\/lapa\/files\/2025\/05\/1484-Post-instagram-volta-as-aulas-matriculas-abertas-menino-azul-150x150.webp 150w, https:\/\/www.ifbaiano.edu.br\/unidades\/lapa\/files\/2025\/05\/1484-Post-instagram-volta-as-aulas-matriculas-abertas-menino-azul-768x768.webp 768w, https:\/\/www.ifbaiano.edu.br\/unidades\/lapa\/files\/2025\/05\/1484-Post-instagram-volta-as-aulas-matriculas-abertas-menino-azul-100x100.webp 100w, https:\/\/www.ifbaiano.edu.br\/unidades\/lapa\/files\/2025\/05\/1484-Post-instagram-volta-as-aulas-matriculas-abertas-menino-azul.webp 1080w\" sizes=\"(max-width: 1024px) 100vw, 1024px\" \/><\/figure>\n\n\n\n<p><strong>A HOMOLOGA\u00c7\u00c3O DAS INSCRI\u00c7\u00d5ES PARA O PAISE 2025 FORAM PUBLICADAS!!!<\/strong><\/p>\n\n\n\n<p>Quem se inscreveu, poder\u00e1 ver o resultado da inscri\u00e7\u00e3o e, se homologada, ver o dia e o hor\u00e1rio da entrevista. <\/p>\n\n\n\n<p>Todas as informa\u00e7\u00f5es voc\u00ea encontra em <a rel=\"noreferrer noopener\" href=\"https:\/\/www.ifbaiano.edu.br\/unidades\/lapa\/edital-12-2025-paise\/\" target=\"_blank\">https:\/\/www.ifbaiano.edu.br\/unidades\/lapa\/edital-12-2025-paise\/<\/a><\/p>\n","protected":false},"excerpt":{"rendered":"<p>A HOMOLOGA\u00c7\u00c3O DAS INSCRI\u00c7\u00d5ES PARA O PAISE 2025 FORAM PUBLICADAS!!! Quem se inscreveu, poder\u00e1 ver o resultado da inscri\u00e7\u00e3o e, se homologada, ver o dia e o hor\u00e1rio da entrevista. Todas as informa\u00e7\u00f5es voc\u00ea encontra em https:\/\/www.ifbaiano.edu.br\/unidades\/lapa\/edital-12-2025-paise\/<\/p>\n","protected":false},"author":192,"featured_media":0,"comment_status":"open","ping_status":"open","sticky":false,"template":"","format":"standard","meta":[],"categories":[24,65],"tags":[126,101,125,102],"_links":{"self":[{"href":"https:\/\/www.ifbaiano.edu.br\/unidades\/lapa\/wp-json\/wp\/v2\/posts\/29740"}],"collection":[{"href":"https:\/\/www.ifbaiano.edu.br\/unidades\/lapa\/wp-json\/wp\/v2\/posts"}],"about":[{"href":"https:\/\/www.ifbaiano.edu.br\/unidades\/lapa\/wp-json\/wp\/v2\/types\/post"}],"author":[{"embeddable":true,"href":"https:\/\/www.ifbaiano.edu.br\/unidades\/lapa\/wp-json\/wp\/v2\/users\/192"}],"replies":[{"embeddable":true,"href":"https:\/\/www.ifbaiano.edu.br\/unidades\/lapa\/wp-json\/wp\/v2\/comments?post=29740"}],"version-history":[{"count":1,"href":"https:\/\/www.ifbaiano.edu.br\/unidades\/lapa\/wp-json\/wp\/v2\/posts\/29740\/revisions"}],"predecessor-version":[{"id":29743,"href":"https:\/\/www.ifbaiano.edu.br\/unidades\/lapa\/wp-json\/wp\/v2\/posts\/29740\/revisions\/29743"}],"wp:attachment":[{"href":"https:\/\/www.ifbaiano.edu.br\/unidades\/lapa\/wp-json\/wp\/v2\/media?parent=29740"}],"wp:term":[{"taxonomy":"category","embeddable":true,"href":"https:\/\/www.ifbaiano.edu.br\/unidades\/lapa\/wp-json\/wp\/v2\/categories?post=29740"},{"taxonomy":"post_tag","embeddable":true,"href":"https:\/\/www.ifbaiano.edu.br\/unidades\/lapa\/wp-json\/wp\/v2\/tags?post=29740"}],"curies":[{"name":"wp","href":"https:\/\/api.w.org\/{rel}","templated":true}]}}