{"id":29759,"date":"2025-05-16T13:41:25","date_gmt":"2025-05-16T16:41:25","guid":{"rendered":"https:\/\/www.ifbaiano.edu.br\/unidades\/lapa\/?p=29759"},"modified":"2025-05-16T13:41:25","modified_gmt":"2025-05-16T16:41:25","slug":"processo-seletivo-para-ingresso-de-estudantes-nos-cursos-de-qualificacao-profissional-na-modalidade-de-formacao-inicial-e-ou-continuada-fic-campus-bom-jesus-da-lapa-maio","status":"publish","type":"post","link":"https:\/\/www.ifbaiano.edu.br\/unidades\/lapa\/2025\/05\/16\/processo-seletivo-para-ingresso-de-estudantes-nos-cursos-de-qualificacao-profissional-na-modalidade-de-formacao-inicial-e-ou-continuada-fic-campus-bom-jesus-da-lapa-maio\/","title":{"rendered":"Processo Seletivo para Ingresso de Estudantes nos Cursos de Qualifica\u00e7\u00e3o Profissional, na Modalidade de Forma\u00e7\u00e3o Inicial e\/ou Continuada \u2013 FIC \u2013 Campus Bom Jesus da Lapa \u2013 Maio 2025"},"content":{"rendered":"\n<div class=\"wp-block-group is-nowrap is-layout-flex wp-container-1\">\n<figure class=\"wp-block-image size-large\"><img decoding=\"async\" loading=\"lazy\" width=\"819\" height=\"1024\" src=\"https:\/\/www.ifbaiano.edu.br\/unidades\/lapa\/files\/2025\/05\/3295-WhatsApp-Image-2025-05-16-at-13.33.17-819x1024.webp\" alt=\"\" class=\"wp-image-29760\" srcset=\"https:\/\/www.ifbaiano.edu.br\/unidades\/lapa\/files\/2025\/05\/3295-WhatsApp-Image-2025-05-16-at-13.33.17-819x1024.webp 819w, https:\/\/www.ifbaiano.edu.br\/unidades\/lapa\/files\/2025\/05\/3295-WhatsApp-Image-2025-05-16-at-13.33.17-240x300.webp 240w, https:\/\/www.ifbaiano.edu.br\/unidades\/lapa\/files\/2025\/05\/3295-WhatsApp-Image-2025-05-16-at-13.33.17-768x960.webp 768w, https:\/\/www.ifbaiano.edu.br\/unidades\/lapa\/files\/2025\/05\/3295-WhatsApp-Image-2025-05-16-at-13.33.17-100x125.webp 100w, https:\/\/www.ifbaiano.edu.br\/unidades\/lapa\/files\/2025\/05\/3295-WhatsApp-Image-2025-05-16-at-13.33.17.webp 864w\" sizes=\"(max-width: 819px) 100vw, 819px\" \/><\/figure>\n\n\n\n<figure class=\"wp-block-image size-large\"><img decoding=\"async\" loading=\"lazy\" width=\"819\" height=\"1024\" src=\"https:\/\/www.ifbaiano.edu.br\/unidades\/lapa\/files\/2025\/05\/3297-WhatsApp-Image-2025-05-16-at-13.33.16-819x1024.webp\" alt=\"\" class=\"wp-image-29761\" srcset=\"https:\/\/www.ifbaiano.edu.br\/unidades\/lapa\/files\/2025\/05\/3297-WhatsApp-Image-2025-05-16-at-13.33.16-819x1024.webp 819w, https:\/\/www.ifbaiano.edu.br\/unidades\/lapa\/files\/2025\/05\/3297-WhatsApp-Image-2025-05-16-at-13.33.16-240x300.webp 240w, https:\/\/www.ifbaiano.edu.br\/unidades\/lapa\/files\/2025\/05\/3297-WhatsApp-Image-2025-05-16-at-13.33.16-768x960.webp 768w, https:\/\/www.ifbaiano.edu.br\/unidades\/lapa\/files\/2025\/05\/3297-WhatsApp-Image-2025-05-16-at-13.33.16-100x125.webp 100w, https:\/\/www.ifbaiano.edu.br\/unidades\/lapa\/files\/2025\/05\/3297-WhatsApp-Image-2025-05-16-at-13.33.16.webp 864w\" sizes=\"(max-width: 819px) 100vw, 819px\" \/><\/figure>\n<\/div>\n\n\n\n<p>\ud83d\udde3\ufe0fVOC\u00ca CANTA OU TOCA ALGUM INSTRUMENTO???\ud83d\udde3\ufe0f<\/p>\n\n\n\n<p>O Campus Bom Jesus da Lapa est\u00e1 ofertando os cursos de Canto Coral Popular, com 30 vagas, e Pr\u00e1tica de Conjunto Instrumental na MPB, com 20 vagas! Ambos ter\u00e3o coordena\u00e7\u00e3o do professor Felipe Grimaldi.<\/p>\n\n\n\n<p>O curso de Canto Coral Popular acontecer\u00e1 \u00e0s segundas-feiras, das 13h \u00e0s 15h e o curso de Pr\u00e1tica de Conjunto Instrumental na MPB acontecer\u00e1 \u00e0s ter\u00e7as-feiras, das 10h \u00e0s 12h. Os dois no audit\u00f3rio do Campus.<\/p>\n\n\n\n<p>\ud83d\udcc6O per\u00edodo de inscri\u00e7\u00f5es vai do dia 10 at\u00e9 o dia 18 de maio. N\u00e3o perca esta oportunidade!<\/p>\n\n\n\n<p>\ud83d\udd17 Saiba mais no link: <a href=\"https:\/\/concurso.ifbaiano.edu.br\/portal\/fic-lapa-maio-2025\/\" target=\"_blank\" rel=\"noreferrer noopener\">https:\/\/concurso.ifbaiano.edu.br\/portal\/fic-lapa-maio-2025\/<\/a><\/p>\n","protected":false},"excerpt":{"rendered":"<p>\ud83d\udde3\ufe0fVOC\u00ca CANTA OU TOCA ALGUM INSTRUMENTO???\ud83d\udde3\ufe0f O Campus Bom Jesus da Lapa est\u00e1 ofertando os cursos de Canto Coral Popular, com 30 vagas, e Pr\u00e1tica de Conjunto Instrumental na MPB, com 20 vagas! Ambos ter\u00e3o coordena\u00e7\u00e3o do professor Felipe Grimaldi. O curso de Canto Coral Popular acontecer\u00e1 \u00e0s segundas-feiras, das 13h \u00e0s 15h e o [&hellip;]<\/p>\n","protected":false},"author":192,"featured_media":0,"comment_status":"open","ping_status":"open","sticky":false,"template":"","format":"standard","meta":[],"categories":[115,64,24,65],"tags":[],"_links":{"self":[{"href":"https:\/\/www.ifbaiano.edu.br\/unidades\/lapa\/wp-json\/wp\/v2\/posts\/29759"}],"collection":[{"href":"https:\/\/www.ifbaiano.edu.br\/unidades\/lapa\/wp-json\/wp\/v2\/posts"}],"about":[{"href":"https:\/\/www.ifbaiano.edu.br\/unidades\/lapa\/wp-json\/wp\/v2\/types\/post"}],"author":[{"embeddable":true,"href":"https:\/\/www.ifbaiano.edu.br\/unidades\/lapa\/wp-json\/wp\/v2\/users\/192"}],"replies":[{"embeddable":true,"href":"https:\/\/www.ifbaiano.edu.br\/unidades\/lapa\/wp-json\/wp\/v2\/comments?post=29759"}],"version-history":[{"count":2,"href":"https:\/\/www.ifbaiano.edu.br\/unidades\/lapa\/wp-json\/wp\/v2\/posts\/29759\/revisions"}],"predecessor-version":[{"id":29763,"href":"https:\/\/www.ifbaiano.edu.br\/unidades\/lapa\/wp-json\/wp\/v2\/posts\/29759\/revisions\/29763"}],"wp:attachment":[{"href":"https:\/\/www.ifbaiano.edu.br\/unidades\/lapa\/wp-json\/wp\/v2\/media?parent=29759"}],"wp:term":[{"taxonomy":"category","embeddable":true,"href":"https:\/\/www.ifbaiano.edu.br\/unidades\/lapa\/wp-json\/wp\/v2\/categories?post=29759"},{"taxonomy":"post_tag","embeddable":true,"href":"https:\/\/www.ifbaiano.edu.br\/unidades\/lapa\/wp-json\/wp\/v2\/tags?post=29759"}],"curies":[{"name":"wp","href":"https:\/\/api.w.org\/{rel}","templated":true}]}}