{"id":29796,"date":"2025-05-26T15:46:17","date_gmt":"2025-05-26T18:46:17","guid":{"rendered":"https:\/\/www.ifbaiano.edu.br\/unidades\/lapa\/?p=29796"},"modified":"2025-05-26T15:46:18","modified_gmt":"2025-05-26T18:46:18","slug":"vagas-no-curso-de-pos-graduacao-lato-sensu-em-inovacao-social-com-enfase-em-economia-solidaria-e-agroecologia-maio-2025","status":"publish","type":"post","link":"https:\/\/www.ifbaiano.edu.br\/unidades\/lapa\/2025\/05\/26\/vagas-no-curso-de-pos-graduacao-lato-sensu-em-inovacao-social-com-enfase-em-economia-solidaria-e-agroecologia-maio-2025\/","title":{"rendered":"Vagas no Curso de P\u00f3s-gradua\u00e7\u00e3o Lato Sensu em Inova\u00e7\u00e3o Social com \u00canfase em Economia Solid\u00e1ria e Agroecologia \u2013 Maio 2025"},"content":{"rendered":"\n<p>O Campus Bom Jesus da Lapa torna p\u00fablico o edital do curso de p\u00f3s-gradua\u00e7\u00e3o em Inova\u00e7\u00e3o Social com \u00canfase em Economia Solid\u00e1ria e Agroecologia.<\/p>\n\n\n\n<p>O per\u00edodo de <strong>inscri\u00e7\u00f5es <\/strong>vai de&nbsp;<strong>27\/05 a 15\/06\/2025<\/strong>. Que podem ser feitas a partir do link do formul\u00e1rio contante na <a href=\"https:\/\/concurso.ifbaiano.edu.br\/portal\/pos-lato-sensu-inovacao-social-maio-2025\/\" data-type=\"URL\" data-id=\"https:\/\/concurso.ifbaiano.edu.br\/portal\/pos-lato-sensu-inovacao-social-maio-2025\/\">p\u00e1gina do edital<\/a>.<\/p>\n\n\n\n<figure class=\"wp-block-image size-large\"><img decoding=\"async\" loading=\"lazy\" width=\"1024\" height=\"1024\" src=\"https:\/\/www.ifbaiano.edu.br\/unidades\/lapa\/files\/2025\/05\/5068-pos-gradu-1024x1024.webp\" alt=\"\" class=\"wp-image-29798\" srcset=\"https:\/\/www.ifbaiano.edu.br\/unidades\/lapa\/files\/2025\/05\/5068-pos-gradu-1024x1024.webp 1024w, https:\/\/www.ifbaiano.edu.br\/unidades\/lapa\/files\/2025\/05\/5068-pos-gradu-300x300.webp 300w, https:\/\/www.ifbaiano.edu.br\/unidades\/lapa\/files\/2025\/05\/5068-pos-gradu-150x150.webp 150w, https:\/\/www.ifbaiano.edu.br\/unidades\/lapa\/files\/2025\/05\/5068-pos-gradu-768x768.webp 768w, https:\/\/www.ifbaiano.edu.br\/unidades\/lapa\/files\/2025\/05\/5068-pos-gradu-100x100.webp 100w, https:\/\/www.ifbaiano.edu.br\/unidades\/lapa\/files\/2025\/05\/5068-pos-gradu.webp 1080w\" sizes=\"(max-width: 1024px) 100vw, 1024px\" \/><\/figure>\n\n\n\n<p>As inscri\u00e7\u00f5es dever\u00e3o ser feitas enviando a documenta\u00e7\u00e3o constante no item 4.2 exclusivamente pelo Formul\u00e1rio eletr\u00f4nico, at\u00e9 as 23:59:59h do \u00faltimo dia de inscri\u00e7\u00e3o. O candidato dever\u00e1 enviar um arquivo \u00fanico em formato PDF, tamanho m\u00e1ximo do arquivo 100 GB (Gigabytes). Inscri\u00e7\u00f5es enviadas fora do <\/p>\n","protected":false},"excerpt":{"rendered":"<p>O Campus Bom Jesus da Lapa torna p\u00fablico o edital do curso de p\u00f3s-gradua\u00e7\u00e3o em Inova\u00e7\u00e3o Social com \u00canfase em Economia Solid\u00e1ria e Agroecologia. O per\u00edodo de inscri\u00e7\u00f5es vai de&nbsp;27\/05 a 15\/06\/2025. Que podem ser feitas a partir do link do formul\u00e1rio contante na p\u00e1gina do edital. As inscri\u00e7\u00f5es dever\u00e3o ser feitas enviando a documenta\u00e7\u00e3o [&hellip;]<\/p>\n","protected":false},"author":192,"featured_media":0,"comment_status":"open","ping_status":"open","sticky":false,"template":"","format":"standard","meta":[],"categories":[115,64,65],"tags":[],"_links":{"self":[{"href":"https:\/\/www.ifbaiano.edu.br\/unidades\/lapa\/wp-json\/wp\/v2\/posts\/29796"}],"collection":[{"href":"https:\/\/www.ifbaiano.edu.br\/unidades\/lapa\/wp-json\/wp\/v2\/posts"}],"about":[{"href":"https:\/\/www.ifbaiano.edu.br\/unidades\/lapa\/wp-json\/wp\/v2\/types\/post"}],"author":[{"embeddable":true,"href":"https:\/\/www.ifbaiano.edu.br\/unidades\/lapa\/wp-json\/wp\/v2\/users\/192"}],"replies":[{"embeddable":true,"href":"https:\/\/www.ifbaiano.edu.br\/unidades\/lapa\/wp-json\/wp\/v2\/comments?post=29796"}],"version-history":[{"count":2,"href":"https:\/\/www.ifbaiano.edu.br\/unidades\/lapa\/wp-json\/wp\/v2\/posts\/29796\/revisions"}],"predecessor-version":[{"id":29799,"href":"https:\/\/www.ifbaiano.edu.br\/unidades\/lapa\/wp-json\/wp\/v2\/posts\/29796\/revisions\/29799"}],"wp:attachment":[{"href":"https:\/\/www.ifbaiano.edu.br\/unidades\/lapa\/wp-json\/wp\/v2\/media?parent=29796"}],"wp:term":[{"taxonomy":"category","embeddable":true,"href":"https:\/\/www.ifbaiano.edu.br\/unidades\/lapa\/wp-json\/wp\/v2\/categories?post=29796"},{"taxonomy":"post_tag","embeddable":true,"href":"https:\/\/www.ifbaiano.edu.br\/unidades\/lapa\/wp-json\/wp\/v2\/tags?post=29796"}],"curies":[{"name":"wp","href":"https:\/\/api.w.org\/{rel}","templated":true}]}}