{"id":29803,"date":"2025-05-29T10:56:50","date_gmt":"2025-05-29T13:56:50","guid":{"rendered":"https:\/\/www.ifbaiano.edu.br\/unidades\/lapa\/?p=29803"},"modified":"2025-05-29T11:55:02","modified_gmt":"2025-05-29T14:55:02","slug":"i-simposio-de-producao-animal-do-if-baiano-campus-bom-jesus-da-lapa","status":"publish","type":"post","link":"https:\/\/www.ifbaiano.edu.br\/unidades\/lapa\/2025\/05\/29\/i-simposio-de-producao-animal-do-if-baiano-campus-bom-jesus-da-lapa\/","title":{"rendered":"I Simp\u00f3sio de Produ\u00e7\u00e3o Animal do IF Baiano Campus Bom Jesus da Lapa"},"content":{"rendered":"<div class=\"wp-block-image\">\n<figure class=\"aligncenter size-large is-resized\"><img decoding=\"async\" loading=\"lazy\" src=\"https:\/\/www.ifbaiano.edu.br\/unidades\/lapa\/files\/2025\/05\/6502-WhatsApp-Image-2025-05-29-at-10.37.37-819x1024.webp\" alt=\"\" class=\"wp-image-29804\" width=\"482\" height=\"603\" srcset=\"https:\/\/www.ifbaiano.edu.br\/unidades\/lapa\/files\/2025\/05\/6502-WhatsApp-Image-2025-05-29-at-10.37.37-819x1024.webp 819w, https:\/\/www.ifbaiano.edu.br\/unidades\/lapa\/files\/2025\/05\/6502-WhatsApp-Image-2025-05-29-at-10.37.37-240x300.webp 240w, https:\/\/www.ifbaiano.edu.br\/unidades\/lapa\/files\/2025\/05\/6502-WhatsApp-Image-2025-05-29-at-10.37.37-768x960.webp 768w, https:\/\/www.ifbaiano.edu.br\/unidades\/lapa\/files\/2025\/05\/6502-WhatsApp-Image-2025-05-29-at-10.37.37-100x125.webp 100w, https:\/\/www.ifbaiano.edu.br\/unidades\/lapa\/files\/2025\/05\/6502-WhatsApp-Image-2025-05-29-at-10.37.37.webp 864w\" sizes=\"(max-width: 482px) 100vw, 482px\" \/><\/figure><\/div>\n\n\n<p>      Nos dias 03 e 04 de junho de 2025, o IF Baiano Campus Bom Jesus da Lapa sediar\u00e1 o I Simp\u00f3sio de Produ\u00e7\u00e3o Animal do IF Baiano \u2013 Campus Bom Jesus da Lapa.<br>Convidamos toda a comunidade acad\u00eamica, produtores rurais, estudantes, t\u00e9cnicos e interessados no setor Pecu\u00e1rio para participar deste grandioso evento. Este ano de 2025 ser\u00e3o abordados assuntos pertinentes \u00e0 pecu\u00e1ria leiteira do Territ\u00f3rio Velho Chico.<br>     O evento contar\u00e1 com palestras ministradas por especialistas renomados sobre Tecnologia ABC: recupera\u00e7\u00e3o de pastagens, Manejo eficiente de pastagens em Sistemas integrados, Sucess\u00e3o familiar e Gest\u00e3o t\u00e9cnica da bovinocultura leiteira, al\u00e9m de um Dia de Campo com minicursos sobre Tecnologia Intensiva de Produ\u00e7\u00e3o de Palma Forrageira e Monitoramento da Efici\u00eancia na bovinocultura leiteira.<br>Ser\u00e1 uma excelente oportunidade para atualiza\u00e7\u00e3o t\u00e9cnica, networking e fortalecimento do setor produtivo.<br>Participe! Sua presen\u00e7a \u00e9 muito importante para o sucesso deste evento.<\/p>\n\n\n\n<p>\ud83d\udcc5 Data: <strong>03 e 04 de junho de 2025<\/strong><br>\ud83d\udccd Local: <strong>Audit\u00f3rio do IF Baiano <em>Campus<\/em> Bom Jesus da Lapa<\/strong><br>\ud83d\udccc Inscri\u00e7\u00f5es:<em> <\/em><strong><a rel=\"noreferrer noopener\" href=\"https:\/\/suap.ifbaiano.edu.br\/eventos\/inscricao\/2436\/\" target=\"_blank\">https:\/\/suap.ifbaiano.edu.br\/eventos\/inscricao\/2436\/<\/a> <\/strong><br>Para mais informa\u00e7\u00f5es, entre em contato pelo e-mail <strong>pesquisa@lapa.ifbaiano.edu.br <\/strong>ou pelo telefone<strong> 77 9 9816 9166<\/strong><br>Contamos com a sua presen\u00e7a!<\/p>\n\n\n\n<p>Realiza\u00e7\u00e3o: IF Baiano &#8211; <em>Campus <\/em>Bom Jesus da Lapa, SEBRAE, SENAR, Banco do Nordeste, Sindicato dos Produtores Rurais de Bom Jesus da Lapa, Secretaria de Agricultura de Bom Jesus da Lapa, Secretaria de Agricultura de Serra do Ramalho e Sala do Empreendedor de Serra do Ramalho.<\/p>\n","protected":false},"excerpt":{"rendered":"<p>Nos dias 03 e 04 de junho de 2025, o IF Baiano Campus Bom Jesus da Lapa sediar\u00e1 o I Simp\u00f3sio de Produ\u00e7\u00e3o Animal do IF Baiano \u2013 Campus Bom Jesus da Lapa.Convidamos toda a comunidade acad\u00eamica, produtores rurais, estudantes, t\u00e9cnicos e interessados no setor Pecu\u00e1rio para participar deste grandioso evento. Este ano de 2025 [&hellip;]<\/p>\n","protected":false},"author":192,"featured_media":0,"comment_status":"open","ping_status":"open","sticky":false,"template":"","format":"standard","meta":[],"categories":[115,64,24,65],"tags":[],"_links":{"self":[{"href":"https:\/\/www.ifbaiano.edu.br\/unidades\/lapa\/wp-json\/wp\/v2\/posts\/29803"}],"collection":[{"href":"https:\/\/www.ifbaiano.edu.br\/unidades\/lapa\/wp-json\/wp\/v2\/posts"}],"about":[{"href":"https:\/\/www.ifbaiano.edu.br\/unidades\/lapa\/wp-json\/wp\/v2\/types\/post"}],"author":[{"embeddable":true,"href":"https:\/\/www.ifbaiano.edu.br\/unidades\/lapa\/wp-json\/wp\/v2\/users\/192"}],"replies":[{"embeddable":true,"href":"https:\/\/www.ifbaiano.edu.br\/unidades\/lapa\/wp-json\/wp\/v2\/comments?post=29803"}],"version-history":[{"count":3,"href":"https:\/\/www.ifbaiano.edu.br\/unidades\/lapa\/wp-json\/wp\/v2\/posts\/29803\/revisions"}],"predecessor-version":[{"id":29807,"href":"https:\/\/www.ifbaiano.edu.br\/unidades\/lapa\/wp-json\/wp\/v2\/posts\/29803\/revisions\/29807"}],"wp:attachment":[{"href":"https:\/\/www.ifbaiano.edu.br\/unidades\/lapa\/wp-json\/wp\/v2\/media?parent=29803"}],"wp:term":[{"taxonomy":"category","embeddable":true,"href":"https:\/\/www.ifbaiano.edu.br\/unidades\/lapa\/wp-json\/wp\/v2\/categories?post=29803"},{"taxonomy":"post_tag","embeddable":true,"href":"https:\/\/www.ifbaiano.edu.br\/unidades\/lapa\/wp-json\/wp\/v2\/tags?post=29803"}],"curies":[{"name":"wp","href":"https:\/\/api.w.org\/{rel}","templated":true}]}}