{"id":29830,"date":"2025-06-03T17:19:47","date_gmt":"2025-06-03T20:19:47","guid":{"rendered":"https:\/\/www.ifbaiano.edu.br\/unidades\/lapa\/?p=29830"},"modified":"2025-06-04T09:01:23","modified_gmt":"2025-06-04T12:01:23","slug":"edital-interno-no-19-2025-de-3-de-junho-de-2025-selecao-de-estudantes-de-nivel-medio-para-a-realizacao-de-estagio-curricular-obrigatoriono","status":"publish","type":"post","link":"https:\/\/www.ifbaiano.edu.br\/unidades\/lapa\/2025\/06\/03\/edital-interno-no-19-2025-de-3-de-junho-de-2025-selecao-de-estudantes-de-nivel-medio-para-a-realizacao-de-estagio-curricular-obrigatoriono\/","title":{"rendered":"EDITAL INTERNO n\u00ba 19 \/2025, de 3 de junho de 2025-SELE\u00c7\u00c3O DE ESTUDANTES DE N\u00cdVEL M\u00c9DIO PARA A REALIZA\u00c7\u00c3O DE EST\u00c1GIO CURRICULAR OBRIGAT\u00d3RIONO"},"content":{"rendered":"\n<div class=\"wp-block-columns is-layout-flex wp-container-3\">\n<div class=\"wp-block-column is-layout-flow\">\n<h2 id=\"ProreitoriaMeioDireitaTitulo\" style=\"color:#00510f;text-transform:uppercase;border-top: 3px solid #00510F\" class=\"has-inline-color\">\n    Apresenta\u00e7\u00e3o\n<\/h2>\n<p>\n    O DIRETOR-GERAL DO INSTITUTO FEDERAL DE EDUCA\u00c7\u00c3O, CI\u00caNCIA E TECNOLOGIA BAIANO \u2013 IF\nBAIANO, CAMPUS BOM JESUS DA LAPA, nomeado sob Portaria n\u00ba 275 de 21\/03\/2022, publicado no D.O.U. de\n21\/03\/2022, Se\u00e7\u00e3o 2, p\u00e1gina 26, e de acordo com as disposi\u00e7\u00f5es contidas na Lei n\u00ba 11.892, de 29\/12\/2008, torna\np\u00fablico o presente edital para o preenchimento de 16 (dezesseis) VAGAS DE EST\u00c1GIO CURRICULAR\nOBRIGAT\u00d3RIO N\u00c3O REMUNERADO em per\u00edodo letivo ou f\u00e9rias, para estudantes dos cursos T\u00e9cnicos em\nAgricultura, Agroecologia e Inform\u00e1tica, bem como para a forma\u00e7\u00e3o de Cadastro de Reserva, para atuar nas\nUnidades Educativas de Campo e Administrativas deste Campus.\n    \n<\/p>\n<\/div>\n\n\n\n<div class=\"wp-block-column is-layout-flow\">\n<h2 id=\"ProreitoriaMeioDireitaTitulo\" style=\"color:#00510f;text-transform:uppercase;border-top: 3px solid #00510F\" class=\"has-inline-color\">\n    Inscri\u00e7\u00f5es\n<\/h2>\n\n<p>\n    DAS INSCRI\u00c7\u00d5ES E VAGAS\n As inscri\u00e7\u00f5es dever\u00e3o ser realizadas eletronicamente, no per\u00edodo indicado no cronograma (Quadro 2), atrav\u00e9s do preenchimento do formul\u00e1rio dispon\u00edvel na p\u00e1gina eletr\u00f4nica deste edital.\n\n\n    <br><br><br>\n\n   \n<br>\n<br>\n<\/div>\n<\/div>\n\n\n\n<div class=\"wp-block-columns is-layout-flex wp-container-6\">\n<div class=\"wp-block-column is-layout-flow\">\n<h2 id=\"ProreitoriaMeioDireitaTitulo\" style=\"color:#00510f;text-transform:uppercase;border-top: 3px solid #00510F\" class=\"has-inline-color\">\n    Editais e Documentos\n<\/h2>\n\n<div class=\"wp-block-file\">\n    <a href=\"https:\/\/www.ifbaiano.edu.br\/unidades\/lapa\/files\/2025\/06\/Edital-19-2025-Selecao-de-estudantes-de-Nivel-Medio-para-a-realizacao-de-Estagio-Curricular-Obrigatorio-no-Instituto-Federal-Baiano-Campus-Bom-Jesus-da-Lapa-no-semestre-letivo-2024.2.pdf\">\n        Selecao-de-estudantes-de-Nivel-Medio-para-a-realizacao-de-Estagio-Curricular-Obrigatorio &#8211; Publicado em 03\/06\/2025\n    <\/a>\n    <br>\n   \n<\/div>\n<\/div>\n\n\n\n<div class=\"wp-block-column is-layout-flow\"><\/div>\n<\/div>\n","protected":false},"excerpt":{"rendered":"<p>Apresenta\u00e7\u00e3o O DIRETOR-GERAL DO INSTITUTO FEDERAL DE EDUCA\u00c7\u00c3O, CI\u00caNCIA E TECNOLOGIA BAIANO \u2013 IF BAIANO, CAMPUS BOM JESUS DA LAPA, nomeado sob Portaria n\u00ba 275 de 21\/03\/2022, publicado no D.O.U. de 21\/03\/2022, Se\u00e7\u00e3o 2, p\u00e1gina 26, e de acordo com as disposi\u00e7\u00f5es contidas na Lei n\u00ba 11.892, de 29\/12\/2008, torna p\u00fablico o presente edital para [&hellip;]<\/p>\n","protected":false},"author":181,"featured_media":0,"comment_status":"open","ping_status":"open","sticky":false,"template":"","format":"standard","meta":[],"categories":[1],"tags":[],"_links":{"self":[{"href":"https:\/\/www.ifbaiano.edu.br\/unidades\/lapa\/wp-json\/wp\/v2\/posts\/29830"}],"collection":[{"href":"https:\/\/www.ifbaiano.edu.br\/unidades\/lapa\/wp-json\/wp\/v2\/posts"}],"about":[{"href":"https:\/\/www.ifbaiano.edu.br\/unidades\/lapa\/wp-json\/wp\/v2\/types\/post"}],"author":[{"embeddable":true,"href":"https:\/\/www.ifbaiano.edu.br\/unidades\/lapa\/wp-json\/wp\/v2\/users\/181"}],"replies":[{"embeddable":true,"href":"https:\/\/www.ifbaiano.edu.br\/unidades\/lapa\/wp-json\/wp\/v2\/comments?post=29830"}],"version-history":[{"count":5,"href":"https:\/\/www.ifbaiano.edu.br\/unidades\/lapa\/wp-json\/wp\/v2\/posts\/29830\/revisions"}],"predecessor-version":[{"id":29839,"href":"https:\/\/www.ifbaiano.edu.br\/unidades\/lapa\/wp-json\/wp\/v2\/posts\/29830\/revisions\/29839"}],"wp:attachment":[{"href":"https:\/\/www.ifbaiano.edu.br\/unidades\/lapa\/wp-json\/wp\/v2\/media?parent=29830"}],"wp:term":[{"taxonomy":"category","embeddable":true,"href":"https:\/\/www.ifbaiano.edu.br\/unidades\/lapa\/wp-json\/wp\/v2\/categories?post=29830"},{"taxonomy":"post_tag","embeddable":true,"href":"https:\/\/www.ifbaiano.edu.br\/unidades\/lapa\/wp-json\/wp\/v2\/tags?post=29830"}],"curies":[{"name":"wp","href":"https:\/\/api.w.org\/{rel}","templated":true}]}}