{"id":29861,"date":"2025-06-13T11:06:59","date_gmt":"2025-06-13T14:06:59","guid":{"rendered":"https:\/\/www.ifbaiano.edu.br\/unidades\/lapa\/?p=29861"},"modified":"2025-06-13T11:11:43","modified_gmt":"2025-06-13T14:11:43","slug":"visita-tecnica-proporciona-aprendizado-pratico-a-estudantes-de-agricultura-no-semiarido-baiano","status":"publish","type":"post","link":"https:\/\/www.ifbaiano.edu.br\/unidades\/lapa\/2025\/06\/13\/visita-tecnica-proporciona-aprendizado-pratico-a-estudantes-de-agricultura-no-semiarido-baiano\/","title":{"rendered":"Visita T\u00e9cnica Proporciona Aprendizado Pr\u00e1tico a Estudantes de Agricultura no Semi\u00e1rido Baiano"},"content":{"rendered":"\n<figure class=\"wp-block-image size-large\"><img decoding=\"async\" loading=\"lazy\" width=\"1024\" height=\"768\" src=\"https:\/\/www.ifbaiano.edu.br\/unidades\/lapa\/files\/2025\/06\/3387-WhatsApp-Image-2025-05-30-at-12.15.12-1024x768.webp\" alt=\"\" class=\"wp-image-29863\" srcset=\"https:\/\/www.ifbaiano.edu.br\/unidades\/lapa\/files\/2025\/06\/3387-WhatsApp-Image-2025-05-30-at-12.15.12-1024x768.webp 1024w, https:\/\/www.ifbaiano.edu.br\/unidades\/lapa\/files\/2025\/06\/3387-WhatsApp-Image-2025-05-30-at-12.15.12-300x225.webp 300w, https:\/\/www.ifbaiano.edu.br\/unidades\/lapa\/files\/2025\/06\/3387-WhatsApp-Image-2025-05-30-at-12.15.12-768x576.webp 768w, https:\/\/www.ifbaiano.edu.br\/unidades\/lapa\/files\/2025\/06\/3387-WhatsApp-Image-2025-05-30-at-12.15.12-100x75.webp 100w, https:\/\/www.ifbaiano.edu.br\/unidades\/lapa\/files\/2025\/06\/3387-WhatsApp-Image-2025-05-30-at-12.15.12.webp 1440w\" sizes=\"(max-width: 1024px) 100vw, 1024px\" \/><\/figure>\n\n\n\n<p>O IF Baiano &#8211; Campus Bom Jesus da Lapa realizou nos dias 30 e 31 de maio de 2025 uma visita t\u00e9cnica \u00e0s empresas Agrothathi, em Correntina\/BA, e Frutas Futuro, em S\u00e3o F\u00e9lix do Coribe\/BA, com os estudantes do Curso T\u00e9cnico em Agricultura (Modalidade Integrado). A atividade, coordenada pelos professores Emerson Alves dos Santos e Elisa Eni Freitag, docentes efetivos do campus, integra as a\u00e7\u00f5es pedag\u00f3gicas que associam teoria e pr\u00e1tica na forma\u00e7\u00e3o profissional dos estudantes.<\/p>\n\n\n\n<p>Esta iniciativa, contemplada nos projetos pedag\u00f3gicos dos cursos t\u00e9cnicos ofertados pela rede IF Baiano, representa uma importante oportunidade de forma\u00e7\u00e3o integral, permitindo aos estudantes vivenciarem na pr\u00e1tica os conhecimentos adquiridos em sala de aula, alinhando as viv\u00eancias acad\u00eamicas com as exig\u00eancias e oportunidades do atual mercado de trabalho no setor agr\u00edcola.<\/p>\n\n\n\n<p>Na Agrothathi, os estudantes conheceram um projeto que envolve uma vis\u00e3o pioneira do futuro do agroneg\u00f3cio. &#8220;Nossa ideia em ser #agro \u00e9 inovar de maneira consciente e sustent\u00e1vel&#8221;, explicaram os representantes da empresa. O modelo de produ\u00e7\u00e3o est\u00e1 alicer\u00e7ado em quatro pilares fundamentais: produtividade, rentabilidade, conserva\u00e7\u00e3o ambiental e desenvolvimento humano. Com o ambicioso objetivo de se tornar 100% sustent\u00e1vel em quatro anos, a empresa utiliza como base os recursos naturais &#8211; \u00e1gua, solo, fauna e flora &#8211; promovendo a\u00e7\u00f5es que reduzem significativamente a polui\u00e7\u00e3o, o consumo de \u00e1gua e energia, al\u00e9m do uso de adubos qu\u00edmicos e defensivos agricolas.<\/p>\n\n\n\n<p>O professor Emerson Santos enfatizou a relev\u00e2ncia da experi\u00eancia: &#8220;Estas visitas s\u00e3o fundamentais para formar profissionais capazes de alicer\u00e7ar desenvolvimento econ\u00f4mico e sustentabilidade. Os conceitos de ESG &#8211; Environmental, Social and Governance &#8211; que vimos representam justamente essa abordagem integrada que o mercado atual exige, onde o sucesso a longo prazo est\u00e1 diretamente ligado \u00e0 capacidade de conciliar produtividade, responsabilidade social e governan\u00e7a ambiental.<\/p>\n\n\n\n<p>Enquanto na Frutas Futuro, os alunos conheceram a trajet\u00f3ria de uma empresa totalmente brasileira que come\u00e7ou suas atividades no Oeste da Bahia em 2003 com a produ\u00e7\u00e3o de mam\u00e3o. Atualmente com opera\u00e7\u00f5es tamb\u00e9m no Esp\u00edrito Santo e presen\u00e7a no mercado internacional, a empresa impressionou pelos maci\u00e7os investimentos em tecnologia de ponta, treinamento constante de colaboradores e equipamentos de \u00faltima gera\u00e7\u00e3o, sempre com suporte de consultoria especializada em cada etapa do processo produtivo.<\/p>\n\n\n\n<p>&#8220;Esta experi\u00eancia foi transformadora para nossa forma\u00e7\u00e3o. Ver na pr\u00e1tica como \u00e9 poss\u00edvel conciliar alta produtividade com sustentabilidade nos mostrou o futuro da agricultura&#8221;, relatou um dos alunos participantes.&nbsp;<\/p>\n\n\n\n<p>&#8220;Ver na pr\u00e1tica a aplica\u00e7\u00e3o dos conceitos de sustentabilidade que estudamos foi transformador&#8221;, relatou uma aluna. A atividade refor\u00e7a o compromisso do IF Baiano com uma forma\u00e7\u00e3o t\u00e9cnica que prepara os estudantes para os desafios contempor\u00e2neos do agroneg\u00f3cio, integrando conhecimento te\u00f3rico com as demandas reais do setor.<\/p>\n\n\n\n<p>A professora Elisa Eni Freitag destacou a import\u00e2ncia da experi\u00eancia: &#8220;Essa viv\u00eancia nos mostra como \u00e9 fundamental desenvolver estrat\u00e9gias produtivas que aproveitem o potencial espec\u00edfico da nossa regi\u00e3o. As condi\u00e7\u00f5es edafoclim\u00e1ticas do semi\u00e1rido n\u00e3o s\u00e3o limita\u00e7\u00f5es, mas sim particularidades que demandam solu\u00e7\u00f5es tecnol\u00f3gicas adaptadas. As empresas que visitamos demonstram como \u00e9 poss\u00edvel transformar desafios em oportunidades, criando modelos de produ\u00e7\u00e3o que respeitam e potencializam as caracter\u00edsticas locais&#8221;.<\/p>\n\n\n\n<p>A institui\u00e7\u00e3o agradece \u00e0s empresas Agrothathi e Frutas Futuro pela receptividade e pelo valioso compartilhamento de conhecimento, refor\u00e7ando a import\u00e2ncia dessas parcerias para a forma\u00e7\u00e3o de profissionais preparados para os desafios do agroneg\u00f3cio moderno. Estas a\u00e7\u00f5es demonstram o compromisso do IF Baiano em oferecer uma educa\u00e7\u00e3o profissional de qualidade, conectada com as demandas reais do mercado de trabalho.<\/p>\n\n\n\n<figure class=\"wp-block-gallery has-nested-images columns-default is-cropped wp-block-gallery-1 is-layout-flex\">\n<figure class=\"wp-block-image size-large\"><img decoding=\"async\" loading=\"lazy\" width=\"1024\" height=\"768\" data-id=\"29871\"  src=\"https:\/\/www.ifbaiano.edu.br\/unidades\/lapa\/files\/2025\/06\/3400-WhatsApp-Image-2025-06-03-at-10.37.38-1024x768.webp\" alt=\"\" class=\"wp-image-29871\" srcset=\"https:\/\/www.ifbaiano.edu.br\/unidades\/lapa\/files\/2025\/06\/3400-WhatsApp-Image-2025-06-03-at-10.37.38-1024x768.webp 1024w, https:\/\/www.ifbaiano.edu.br\/unidades\/lapa\/files\/2025\/06\/3400-WhatsApp-Image-2025-06-03-at-10.37.38-300x225.webp 300w, https:\/\/www.ifbaiano.edu.br\/unidades\/lapa\/files\/2025\/06\/3400-WhatsApp-Image-2025-06-03-at-10.37.38-768x576.webp 768w, https:\/\/www.ifbaiano.edu.br\/unidades\/lapa\/files\/2025\/06\/3400-WhatsApp-Image-2025-06-03-at-10.37.38-100x75.webp 100w, https:\/\/www.ifbaiano.edu.br\/unidades\/lapa\/files\/2025\/06\/3400-WhatsApp-Image-2025-06-03-at-10.37.38.webp 1440w\" sizes=\"(max-width: 1024px) 100vw, 1024px\" \/><\/figure>\n\n\n\n<figure class=\"wp-block-image size-large\"><img decoding=\"async\" loading=\"lazy\" width=\"1024\" height=\"768\" data-id=\"29870\"  src=\"https:\/\/www.ifbaiano.edu.br\/unidades\/lapa\/files\/2025\/06\/3398-WhatsApp-Image-2025-06-03-at-10.37.10-1024x768.webp\" alt=\"\" class=\"wp-image-29870\" srcset=\"https:\/\/www.ifbaiano.edu.br\/unidades\/lapa\/files\/2025\/06\/3398-WhatsApp-Image-2025-06-03-at-10.37.10-1024x768.webp 1024w, https:\/\/www.ifbaiano.edu.br\/unidades\/lapa\/files\/2025\/06\/3398-WhatsApp-Image-2025-06-03-at-10.37.10-300x225.webp 300w, https:\/\/www.ifbaiano.edu.br\/unidades\/lapa\/files\/2025\/06\/3398-WhatsApp-Image-2025-06-03-at-10.37.10-768x576.webp 768w, https:\/\/www.ifbaiano.edu.br\/unidades\/lapa\/files\/2025\/06\/3398-WhatsApp-Image-2025-06-03-at-10.37.10-100x75.webp 100w, https:\/\/www.ifbaiano.edu.br\/unidades\/lapa\/files\/2025\/06\/3398-WhatsApp-Image-2025-06-03-at-10.37.10.webp 1440w\" sizes=\"(max-width: 1024px) 100vw, 1024px\" \/><\/figure>\n\n\n\n<figure class=\"wp-block-image size-large\"><img decoding=\"async\" loading=\"lazy\" width=\"1024\" height=\"768\" data-id=\"29869\"  src=\"https:\/\/www.ifbaiano.edu.br\/unidades\/lapa\/files\/2025\/06\/3397-WhatsApp-Image-2025-06-03-at-10.37.08-1024x768.webp\" alt=\"\" class=\"wp-image-29869\" srcset=\"https:\/\/www.ifbaiano.edu.br\/unidades\/lapa\/files\/2025\/06\/3397-WhatsApp-Image-2025-06-03-at-10.37.08-1024x768.webp 1024w, https:\/\/www.ifbaiano.edu.br\/unidades\/lapa\/files\/2025\/06\/3397-WhatsApp-Image-2025-06-03-at-10.37.08-300x225.webp 300w, https:\/\/www.ifbaiano.edu.br\/unidades\/lapa\/files\/2025\/06\/3397-WhatsApp-Image-2025-06-03-at-10.37.08-768x576.webp 768w, https:\/\/www.ifbaiano.edu.br\/unidades\/lapa\/files\/2025\/06\/3397-WhatsApp-Image-2025-06-03-at-10.37.08-100x75.webp 100w, https:\/\/www.ifbaiano.edu.br\/unidades\/lapa\/files\/2025\/06\/3397-WhatsApp-Image-2025-06-03-at-10.37.08.webp 1440w\" sizes=\"(max-width: 1024px) 100vw, 1024px\" \/><\/figure>\n\n\n\n<figure class=\"wp-block-image size-large\"><img decoding=\"async\" loading=\"lazy\" width=\"1024\" height=\"768\" data-id=\"29867\"  src=\"https:\/\/www.ifbaiano.edu.br\/unidades\/lapa\/files\/2025\/06\/3393-WhatsApp-Image-2025-06-03-at-10.37.07-1024x768.webp\" alt=\"\" class=\"wp-image-29867\" srcset=\"https:\/\/www.ifbaiano.edu.br\/unidades\/lapa\/files\/2025\/06\/3393-WhatsApp-Image-2025-06-03-at-10.37.07-1024x768.webp 1024w, https:\/\/www.ifbaiano.edu.br\/unidades\/lapa\/files\/2025\/06\/3393-WhatsApp-Image-2025-06-03-at-10.37.07-300x225.webp 300w, https:\/\/www.ifbaiano.edu.br\/unidades\/lapa\/files\/2025\/06\/3393-WhatsApp-Image-2025-06-03-at-10.37.07-768x576.webp 768w, https:\/\/www.ifbaiano.edu.br\/unidades\/lapa\/files\/2025\/06\/3393-WhatsApp-Image-2025-06-03-at-10.37.07-100x75.webp 100w, https:\/\/www.ifbaiano.edu.br\/unidades\/lapa\/files\/2025\/06\/3393-WhatsApp-Image-2025-06-03-at-10.37.07.webp 1440w\" sizes=\"(max-width: 1024px) 100vw, 1024px\" \/><\/figure>\n\n\n\n<figure class=\"wp-block-image size-large\"><img decoding=\"async\" loading=\"lazy\" width=\"1024\" height=\"768\" data-id=\"29868\"  src=\"https:\/\/www.ifbaiano.edu.br\/unidades\/lapa\/files\/2025\/06\/3395-WhatsApp-Image-2025-06-03-at-10.37.08-1-1024x768.webp\" alt=\"\" class=\"wp-image-29868\" srcset=\"https:\/\/www.ifbaiano.edu.br\/unidades\/lapa\/files\/2025\/06\/3395-WhatsApp-Image-2025-06-03-at-10.37.08-1-1024x768.webp 1024w, https:\/\/www.ifbaiano.edu.br\/unidades\/lapa\/files\/2025\/06\/3395-WhatsApp-Image-2025-06-03-at-10.37.08-1-300x225.webp 300w, https:\/\/www.ifbaiano.edu.br\/unidades\/lapa\/files\/2025\/06\/3395-WhatsApp-Image-2025-06-03-at-10.37.08-1-768x576.webp 768w, https:\/\/www.ifbaiano.edu.br\/unidades\/lapa\/files\/2025\/06\/3395-WhatsApp-Image-2025-06-03-at-10.37.08-1-100x75.webp 100w, https:\/\/www.ifbaiano.edu.br\/unidades\/lapa\/files\/2025\/06\/3395-WhatsApp-Image-2025-06-03-at-10.37.08-1.webp 1440w\" sizes=\"(max-width: 1024px) 100vw, 1024px\" \/><\/figure>\n\n\n\n<figure class=\"wp-block-image size-large\"><img decoding=\"async\" loading=\"lazy\" width=\"768\" height=\"1024\" data-id=\"29866\"  src=\"https:\/\/www.ifbaiano.edu.br\/unidades\/lapa\/files\/2025\/06\/3392-WhatsApp-Image-2025-06-03-at-10.37.06-768x1024.webp\" alt=\"\" class=\"wp-image-29866\" srcset=\"https:\/\/www.ifbaiano.edu.br\/unidades\/lapa\/files\/2025\/06\/3392-WhatsApp-Image-2025-06-03-at-10.37.06-768x1024.webp 768w, https:\/\/www.ifbaiano.edu.br\/unidades\/lapa\/files\/2025\/06\/3392-WhatsApp-Image-2025-06-03-at-10.37.06-225x300.webp 225w, https:\/\/www.ifbaiano.edu.br\/unidades\/lapa\/files\/2025\/06\/3392-WhatsApp-Image-2025-06-03-at-10.37.06-100x133.webp 100w, https:\/\/www.ifbaiano.edu.br\/unidades\/lapa\/files\/2025\/06\/3392-WhatsApp-Image-2025-06-03-at-10.37.06.webp 810w\" sizes=\"(max-width: 768px) 100vw, 768px\" \/><\/figure>\n\n\n\n<figure class=\"wp-block-image size-large\"><img decoding=\"async\" loading=\"lazy\" width=\"472\" height=\"1024\" data-id=\"29865\"  src=\"https:\/\/www.ifbaiano.edu.br\/unidades\/lapa\/files\/2025\/06\/3391-WhatsApp-Image-2025-06-01-at-17.33.50-472x1024.webp\" alt=\"\" class=\"wp-image-29865\" srcset=\"https:\/\/www.ifbaiano.edu.br\/unidades\/lapa\/files\/2025\/06\/3391-WhatsApp-Image-2025-06-01-at-17.33.50-472x1024.webp 472w, https:\/\/www.ifbaiano.edu.br\/unidades\/lapa\/files\/2025\/06\/3391-WhatsApp-Image-2025-06-01-at-17.33.50-138x300.webp 138w, https:\/\/www.ifbaiano.edu.br\/unidades\/lapa\/files\/2025\/06\/3391-WhatsApp-Image-2025-06-01-at-17.33.50-100x217.webp 100w, https:\/\/www.ifbaiano.edu.br\/unidades\/lapa\/files\/2025\/06\/3391-WhatsApp-Image-2025-06-01-at-17.33.50.webp 498w\" sizes=\"(max-width: 472px) 100vw, 472px\" \/><\/figure>\n\n\n\n<figure class=\"wp-block-image size-large\"><img decoding=\"async\" loading=\"lazy\" width=\"1024\" height=\"768\" data-id=\"29864\"  src=\"https:\/\/www.ifbaiano.edu.br\/unidades\/lapa\/files\/2025\/06\/3390-WhatsApp-Image-2025-05-30-at-12.16.42-1024x768.webp\" alt=\"\" class=\"wp-image-29864\" srcset=\"https:\/\/www.ifbaiano.edu.br\/unidades\/lapa\/files\/2025\/06\/3390-WhatsApp-Image-2025-05-30-at-12.16.42-1024x768.webp 1024w, https:\/\/www.ifbaiano.edu.br\/unidades\/lapa\/files\/2025\/06\/3390-WhatsApp-Image-2025-05-30-at-12.16.42-300x225.webp 300w, https:\/\/www.ifbaiano.edu.br\/unidades\/lapa\/files\/2025\/06\/3390-WhatsApp-Image-2025-05-30-at-12.16.42-768x576.webp 768w, https:\/\/www.ifbaiano.edu.br\/unidades\/lapa\/files\/2025\/06\/3390-WhatsApp-Image-2025-05-30-at-12.16.42-100x75.webp 100w, https:\/\/www.ifbaiano.edu.br\/unidades\/lapa\/files\/2025\/06\/3390-WhatsApp-Image-2025-05-30-at-12.16.42.webp 1440w\" sizes=\"(max-width: 1024px) 100vw, 1024px\" \/><\/figure>\n\n\n\n<figure class=\"wp-block-image size-large\"><img decoding=\"async\" loading=\"lazy\" width=\"1024\" height=\"768\" data-id=\"29862\"  src=\"https:\/\/www.ifbaiano.edu.br\/unidades\/lapa\/files\/2025\/06\/3385-WhatsApp-Image-2025-06-03-at-10.37.39-1024x768.webp\" alt=\"\" class=\"wp-image-29862\" srcset=\"https:\/\/www.ifbaiano.edu.br\/unidades\/lapa\/files\/2025\/06\/3385-WhatsApp-Image-2025-06-03-at-10.37.39-1024x768.webp 1024w, https:\/\/www.ifbaiano.edu.br\/unidades\/lapa\/files\/2025\/06\/3385-WhatsApp-Image-2025-06-03-at-10.37.39-300x225.webp 300w, https:\/\/www.ifbaiano.edu.br\/unidades\/lapa\/files\/2025\/06\/3385-WhatsApp-Image-2025-06-03-at-10.37.39-768x576.webp 768w, https:\/\/www.ifbaiano.edu.br\/unidades\/lapa\/files\/2025\/06\/3385-WhatsApp-Image-2025-06-03-at-10.37.39-100x75.webp 100w, https:\/\/www.ifbaiano.edu.br\/unidades\/lapa\/files\/2025\/06\/3385-WhatsApp-Image-2025-06-03-at-10.37.39.webp 1440w\" sizes=\"(max-width: 1024px) 100vw, 1024px\" \/><\/figure>\n<\/figure>\n","protected":false},"excerpt":{"rendered":"<p>O IF Baiano &#8211; Campus Bom Jesus da Lapa realizou nos dias 30 e 31 de maio de 2025 uma visita t\u00e9cnica \u00e0s empresas Agrothathi, em Correntina\/BA, e Frutas Futuro, em S\u00e3o F\u00e9lix do Coribe\/BA, com os estudantes do Curso T\u00e9cnico em Agricultura (Modalidade Integrado). A atividade, coordenada pelos professores Emerson Alves dos Santos e [&hellip;]<\/p>\n","protected":false},"author":192,"featured_media":29868,"comment_status":"open","ping_status":"open","sticky":false,"template":"","format":"standard","meta":[],"categories":[115,64,24,68],"tags":[],"_links":{"self":[{"href":"https:\/\/www.ifbaiano.edu.br\/unidades\/lapa\/wp-json\/wp\/v2\/posts\/29861"}],"collection":[{"href":"https:\/\/www.ifbaiano.edu.br\/unidades\/lapa\/wp-json\/wp\/v2\/posts"}],"about":[{"href":"https:\/\/www.ifbaiano.edu.br\/unidades\/lapa\/wp-json\/wp\/v2\/types\/post"}],"author":[{"embeddable":true,"href":"https:\/\/www.ifbaiano.edu.br\/unidades\/lapa\/wp-json\/wp\/v2\/users\/192"}],"replies":[{"embeddable":true,"href":"https:\/\/www.ifbaiano.edu.br\/unidades\/lapa\/wp-json\/wp\/v2\/comments?post=29861"}],"version-history":[{"count":2,"href":"https:\/\/www.ifbaiano.edu.br\/unidades\/lapa\/wp-json\/wp\/v2\/posts\/29861\/revisions"}],"predecessor-version":[{"id":29873,"href":"https:\/\/www.ifbaiano.edu.br\/unidades\/lapa\/wp-json\/wp\/v2\/posts\/29861\/revisions\/29873"}],"wp:featuredmedia":[{"embeddable":true,"href":"https:\/\/www.ifbaiano.edu.br\/unidades\/lapa\/wp-json\/wp\/v2\/media\/29868"}],"wp:attachment":[{"href":"https:\/\/www.ifbaiano.edu.br\/unidades\/lapa\/wp-json\/wp\/v2\/media?parent=29861"}],"wp:term":[{"taxonomy":"category","embeddable":true,"href":"https:\/\/www.ifbaiano.edu.br\/unidades\/lapa\/wp-json\/wp\/v2\/categories?post=29861"},{"taxonomy":"post_tag","embeddable":true,"href":"https:\/\/www.ifbaiano.edu.br\/unidades\/lapa\/wp-json\/wp\/v2\/tags?post=29861"}],"curies":[{"name":"wp","href":"https:\/\/api.w.org\/{rel}","templated":true}]}}