{"id":29883,"date":"2025-06-17T16:08:05","date_gmt":"2025-06-17T19:08:05","guid":{"rendered":"https:\/\/www.ifbaiano.edu.br\/unidades\/lapa\/?p=29883"},"modified":"2025-06-17T16:08:05","modified_gmt":"2025-06-17T19:08:05","slug":"chamada-publica-pnae-4","status":"publish","type":"post","link":"https:\/\/www.ifbaiano.edu.br\/unidades\/lapa\/2025\/06\/17\/chamada-publica-pnae-4\/","title":{"rendered":"Chamada P\u00fablica PNAE"},"content":{"rendered":"\n<figure class=\"wp-block-image size-full\"><img decoding=\"async\" loading=\"lazy\" width=\"600\" height=\"512\" src=\"https:\/\/www.ifbaiano.edu.br\/unidades\/lapa\/files\/2024\/04\/imagem-anexa-ao-texto.jpg\" alt=\"\" class=\"wp-image-27932\" \/><\/figure>\n\n\n\n<p><\/p>\n\n\n\n<p><\/p>\n\n\n\n<p>O Instituto Federal Baiano \u2013 <em>Campus B<\/em>om Jesus da Lapa torna p\u00fablico, para conhecimento dos interessados, que realizar\u00e1 a Chamada P\u00fablica n\u00ba 01\/2025. Objeto:<strong> Aquisi\u00e7\u00e3o de g\u00eaneros aliment\u00edcios da agricultura familiar para atendimento ao Programa Nacional de Alimenta\u00e7\u00e3o Escolar \u2013 PNAE<\/strong>, conforme as pe\u00e7as t\u00e9cnicas constantes no Instrumento Convocat\u00f3rio e seus anexos, partes integrantes desta Chamada P\u00fablica. O Edital encontra-se dispon\u00edvel na sede do Campus e no s\u00edtio\u00a0<a href=\"http:\/\/www.ifbaiano.edu.br\/unidades\/lapa\/licitacoes\">http:\/\/www.ifbaiano.edu.br\/unidades\/lapa\/licitacoes<\/a> . Sess\u00e3o de abertura:<strong> 08\/07\/2025, \u00e0s 08h30min, Hor\u00e1rio Local, na sede do Instituto Federal Baiano \u2013 <em>Campus <\/em>Bom Jesus da Lapa, localizado na BR 349, Km 14, Rodovia Bom Jesus da Lapa X Santa Maria da Vit\u00f3ria \u2013 Bahia.<\/strong><\/p>\n\n\n\n<p>Segue em anexo Editais e Formul\u00e1rios:<\/p>\n\n\n\n<li><a href=\"https:\/\/www.ifbaiano.edu.br\/unidades\/lapa\/files\/2025\/06\/chamada_publica.pdf\" data-type=\"URL\" data-id=\"https:\/\/www.ifbaiano.edu.br\/unidades\/lapa\/files\/2025\/06\/chamada_publica.pdf\" target=\"_blank\" rel=\"noreferrer noopener\">EDITAL PNAE 2025 <\/a><\/li>\n\n\n","protected":false},"excerpt":{"rendered":"<p>O Instituto Federal Baiano \u2013 Campus Bom Jesus da Lapa torna p\u00fablico, para conhecimento dos interessados, que realizar\u00e1 a Chamada P\u00fablica n\u00ba 01\/2025. Objeto: Aquisi\u00e7\u00e3o de g\u00eaneros aliment\u00edcios da agricultura familiar para atendimento ao Programa Nacional de Alimenta\u00e7\u00e3o Escolar \u2013 PNAE, conforme as pe\u00e7as t\u00e9cnicas constantes no Instrumento Convocat\u00f3rio e seus anexos, partes integrantes desta [&hellip;]<\/p>\n","protected":false},"author":192,"featured_media":0,"comment_status":"open","ping_status":"open","sticky":false,"template":"","format":"standard","meta":[],"categories":[1],"tags":[],"_links":{"self":[{"href":"https:\/\/www.ifbaiano.edu.br\/unidades\/lapa\/wp-json\/wp\/v2\/posts\/29883"}],"collection":[{"href":"https:\/\/www.ifbaiano.edu.br\/unidades\/lapa\/wp-json\/wp\/v2\/posts"}],"about":[{"href":"https:\/\/www.ifbaiano.edu.br\/unidades\/lapa\/wp-json\/wp\/v2\/types\/post"}],"author":[{"embeddable":true,"href":"https:\/\/www.ifbaiano.edu.br\/unidades\/lapa\/wp-json\/wp\/v2\/users\/192"}],"replies":[{"embeddable":true,"href":"https:\/\/www.ifbaiano.edu.br\/unidades\/lapa\/wp-json\/wp\/v2\/comments?post=29883"}],"version-history":[{"count":2,"href":"https:\/\/www.ifbaiano.edu.br\/unidades\/lapa\/wp-json\/wp\/v2\/posts\/29883\/revisions"}],"predecessor-version":[{"id":29888,"href":"https:\/\/www.ifbaiano.edu.br\/unidades\/lapa\/wp-json\/wp\/v2\/posts\/29883\/revisions\/29888"}],"wp:attachment":[{"href":"https:\/\/www.ifbaiano.edu.br\/unidades\/lapa\/wp-json\/wp\/v2\/media?parent=29883"}],"wp:term":[{"taxonomy":"category","embeddable":true,"href":"https:\/\/www.ifbaiano.edu.br\/unidades\/lapa\/wp-json\/wp\/v2\/categories?post=29883"},{"taxonomy":"post_tag","embeddable":true,"href":"https:\/\/www.ifbaiano.edu.br\/unidades\/lapa\/wp-json\/wp\/v2\/tags?post=29883"}],"curies":[{"name":"wp","href":"https:\/\/api.w.org\/{rel}","templated":true}]}}