{"id":29934,"date":"2025-06-18T10:03:19","date_gmt":"2025-06-18T13:03:19","guid":{"rendered":"https:\/\/www.ifbaiano.edu.br\/unidades\/lapa\/?p=29934"},"modified":"2025-06-18T10:13:24","modified_gmt":"2025-06-18T13:13:24","slug":"chamada-publica-pnae-5","status":"publish","type":"post","link":"https:\/\/www.ifbaiano.edu.br\/unidades\/lapa\/2025\/06\/18\/chamada-publica-pnae-5\/","title":{"rendered":"Chamada P\u00fablica PNAE"},"content":{"rendered":"<div class=\"wp-block-image\">\n<figure class=\"aligncenter size-large\"><img decoding=\"async\" src=\"https:\/\/www.ifbaiano.edu.br\/unidades\/lapa\/files\/2025\/06\/1536-Captura-de-tela-2025-06-18-095439.webp\" alt=\"\" \/><\/figure><\/div>\n\n\n<p>O Instituto Federal Baiano \u2013 <em>Campus B<\/em>om Jesus da Lapa torna p\u00fablico, para conhecimento dos interessados, que realizar\u00e1 a Chamada P\u00fablica n\u00ba 01\/2025. Objeto:<strong> Aquisi\u00e7\u00e3o de g\u00eaneros aliment\u00edcios da agricultura familiar para atendimento ao Programa Nacional de Alimenta\u00e7\u00e3o Escolar \u2013 PNAE<\/strong>, conforme as pe\u00e7as t\u00e9cnicas constantes no Instrumento Convocat\u00f3rio e seus anexos, partes integrantes desta Chamada P\u00fablica. O Edital encontra-se dispon\u00edvel na sede do Campus e no s\u00edtio&nbsp;<a href=\"https:\/\/www.ifbaiano.edu.br\/unidades\/lapa\/licitacoes\/\">https:\/\/www.ifbaiano.edu.br\/unidades\/lapa\/licitacoes\/<\/a>. Sess\u00e3o de abertura:<strong> 08\/07\/2025, \u00e0s 8h30min, Hor\u00e1rio Local, na sede do Instituto Federal Baiano \u2013 <em>Campus <\/em>Bom Jesus da Lapa, localizado na BR 349, Km 14, Rodovia Bom Jesus da Lapa X Santa Maria da Vit\u00f3ria \u2013 Bahia.<\/strong><\/p>\n\n\n\n<p>Segue em anexo Editais e Formul\u00e1rios:<\/p>\n\n\n\n<li><a href=\"https:\/\/www.ifbaiano.edu.br\/unidades\/lapa\/files\/2025\/06\/ANEXO-I-PNAE.pdf\" target=\"_blank\" rel=\"noreferrer noopener\">ANEXO I &#8211; PNAE <\/a><\/li>\n\n<li><a href=\"https:\/\/www.ifbaiano.edu.br\/unidades\/lapa\/files\/2025\/06\/ANEXO-II-PNAE-2025.docx.pdf\" target=\"_blank\" rel=\"noreferrer noopener\">ANEXO II -PNAE 2025 <\/a><\/li>\n\n<li><a href=\"https:\/\/www.ifbaiano.edu.br\/unidades\/lapa\/files\/2025\/06\/ANEXO-III-A-VI-PNAE-2025.pdf\" target=\"_blank\" rel=\"noreferrer noopener\">ANEXO III A VI &#8211; PNAE 2025 <\/a><\/li>\n\n<li><a href=\"https:\/\/www.ifbaiano.edu.br\/unidades\/lapa\/files\/2025\/06\/EDITAL-PNAE.pdf\" target=\"_blank\" rel=\"noreferrer noopener\">EDITAL PNAE 2025 <\/a><\/li>\n","protected":false},"excerpt":{"rendered":"<p>O Instituto Federal Baiano \u2013 Campus Bom Jesus da Lapa torna p\u00fablico, para conhecimento dos interessados, que realizar\u00e1 a Chamada P\u00fablica n\u00ba 01\/2025. Objeto: Aquisi\u00e7\u00e3o de g\u00eaneros aliment\u00edcios da agricultura familiar para atendimento ao Programa Nacional de Alimenta\u00e7\u00e3o Escolar \u2013 PNAE, conforme as pe\u00e7as t\u00e9cnicas constantes no Instrumento Convocat\u00f3rio e seus anexos, partes integrantes desta [&hellip;]<\/p>\n","protected":false},"author":181,"featured_media":29938,"comment_status":"open","ping_status":"open","sticky":false,"template":"","format":"standard","meta":[],"categories":[64,1,65],"tags":[],"_links":{"self":[{"href":"https:\/\/www.ifbaiano.edu.br\/unidades\/lapa\/wp-json\/wp\/v2\/posts\/29934"}],"collection":[{"href":"https:\/\/www.ifbaiano.edu.br\/unidades\/lapa\/wp-json\/wp\/v2\/posts"}],"about":[{"href":"https:\/\/www.ifbaiano.edu.br\/unidades\/lapa\/wp-json\/wp\/v2\/types\/post"}],"author":[{"embeddable":true,"href":"https:\/\/www.ifbaiano.edu.br\/unidades\/lapa\/wp-json\/wp\/v2\/users\/181"}],"replies":[{"embeddable":true,"href":"https:\/\/www.ifbaiano.edu.br\/unidades\/lapa\/wp-json\/wp\/v2\/comments?post=29934"}],"version-history":[{"count":7,"href":"https:\/\/www.ifbaiano.edu.br\/unidades\/lapa\/wp-json\/wp\/v2\/posts\/29934\/revisions"}],"predecessor-version":[{"id":29951,"href":"https:\/\/www.ifbaiano.edu.br\/unidades\/lapa\/wp-json\/wp\/v2\/posts\/29934\/revisions\/29951"}],"wp:featuredmedia":[{"embeddable":true,"href":"https:\/\/www.ifbaiano.edu.br\/unidades\/lapa\/wp-json\/wp\/v2\/media\/29938"}],"wp:attachment":[{"href":"https:\/\/www.ifbaiano.edu.br\/unidades\/lapa\/wp-json\/wp\/v2\/media?parent=29934"}],"wp:term":[{"taxonomy":"category","embeddable":true,"href":"https:\/\/www.ifbaiano.edu.br\/unidades\/lapa\/wp-json\/wp\/v2\/categories?post=29934"},{"taxonomy":"post_tag","embeddable":true,"href":"https:\/\/www.ifbaiano.edu.br\/unidades\/lapa\/wp-json\/wp\/v2\/tags?post=29934"}],"curies":[{"name":"wp","href":"https:\/\/api.w.org\/{rel}","templated":true}]}}