{"id":29956,"date":"2025-06-25T11:21:08","date_gmt":"2025-06-25T14:21:08","guid":{"rendered":"https:\/\/www.ifbaiano.edu.br\/unidades\/lapa\/?p=29956"},"modified":"2025-06-25T11:22:09","modified_gmt":"2025-06-25T14:22:09","slug":"aprenda-lingua-yoruba-no-if-baiano-curso-basico-na-modalidade-ead","status":"publish","type":"post","link":"https:\/\/www.ifbaiano.edu.br\/unidades\/lapa\/2025\/06\/25\/aprenda-lingua-yoruba-no-if-baiano-curso-basico-na-modalidade-ead\/","title":{"rendered":"Aprenda L\u00edngua Yor\u00f9b\u00e1 no IF Baiano \u2013 Curso B\u00e1sico na Modalidade EaD!"},"content":{"rendered":"<div class=\"wp-block-image\">\n<figure class=\"aligncenter size-large is-resized\"><img decoding=\"async\" loading=\"lazy\" src=\"https:\/\/www.ifbaiano.edu.br\/unidades\/lapa\/files\/2025\/06\/0943-WhatsApp-Image-2025-06-25-at-08.32.42.webp\" alt=\"\" width=\"382\" height=\"540\" \/><\/figure><\/div>\n\n\n<p class=\"has-medium-font-size\">Aprenda L\u00edngua Yor\u00f9b\u00e1 no IF Baiano \u2013 Curso B\u00e1sico na Modalidade EaD!<\/p>\n\n\n\n<p class=\"has-medium-font-size\"><br>O \u00c8\u0323k\u00f3\u0323 \u00c8d\u00e8 Yor\u00f9b\u00e1 \u00e9 um curso introdut\u00f3rio oferecido pelo Campus Bom Jesus da Lapa do Instituto Federal Baiano, na modalidade Educa\u00e7\u00e3o a Dist\u00e2ncia (EaD). A proposta busca valorizar e resgatar os fundamentos de uma das principais l\u00ednguas tradicionais africanas, ampliando o conhecimento sobre as ra\u00edzes e tradi\u00e7\u00f5es de matrizes africanas presentes no Brasil.<br>Com foco especial no yor\u00f9b\u00e1, idioma amplamente praticado nos terreiros de Candombl\u00e9 de origem Ketu, o curso oferece uma base sobre sua estrutura lingu\u00edstica e import\u00e2ncia cultural.<br>P\u00fablico-alvo: pessoas de comunidades tradicionais (quilombolas, povos de terreiro), estudantes, professores(as) e demais interessados(as) em conhecer os rudimentos da l\u00edngua yor\u00f9b\u00e1.<\/p>\n\n\n\n<p><br>\ud83d\udcc5 <strong>Inscri\u00e7\u00f5es:<\/strong> de 1\u00ba a 31 de julho de 2025<br>\ud83d\udd17<strong> Inscreva-se aqui:<\/strong> <a href=\"https:\/\/suap.ifbaiano.edu.br\/eventos\/inscricao\/2513\/\">https:\/\/suap.ifbaiano.edu.br\/eventos\/inscricao\/2513\/<\/a><br>\ud83d\udcc6 <strong>In\u00edcio das aulas:<\/strong> 11 de agosto de 2025<br>\u23f3 <strong>Dura\u00e7\u00e3o: <\/strong>at\u00e9 27 de outubro de 2025 (aproximadamente 12 semanas)<br>\ud83d\udcbb<strong> Formato<\/strong>: atividades s\u00edncronas e ass\u00edncronas<br>Participe e fortale\u00e7a o conhecimento ancestral por meio da l\u00edngua!<\/p>\n","protected":false},"excerpt":{"rendered":"<p>Aprenda L\u00edngua Yor\u00f9b\u00e1 no IF Baiano \u2013 Curso B\u00e1sico na Modalidade EaD! O \u00c8\u0323k\u00f3\u0323 \u00c8d\u00e8 Yor\u00f9b\u00e1 \u00e9 um curso introdut\u00f3rio oferecido pelo Campus Bom Jesus da Lapa do Instituto Federal Baiano, na modalidade Educa\u00e7\u00e3o a Dist\u00e2ncia (EaD). A proposta busca valorizar e resgatar os fundamentos de uma das principais l\u00ednguas tradicionais africanas, ampliando o conhecimento [&hellip;]<\/p>\n","protected":false},"author":181,"featured_media":29957,"comment_status":"open","ping_status":"open","sticky":false,"template":"","format":"standard","meta":[],"categories":[64,1,65],"tags":[],"_links":{"self":[{"href":"https:\/\/www.ifbaiano.edu.br\/unidades\/lapa\/wp-json\/wp\/v2\/posts\/29956"}],"collection":[{"href":"https:\/\/www.ifbaiano.edu.br\/unidades\/lapa\/wp-json\/wp\/v2\/posts"}],"about":[{"href":"https:\/\/www.ifbaiano.edu.br\/unidades\/lapa\/wp-json\/wp\/v2\/types\/post"}],"author":[{"embeddable":true,"href":"https:\/\/www.ifbaiano.edu.br\/unidades\/lapa\/wp-json\/wp\/v2\/users\/181"}],"replies":[{"embeddable":true,"href":"https:\/\/www.ifbaiano.edu.br\/unidades\/lapa\/wp-json\/wp\/v2\/comments?post=29956"}],"version-history":[{"count":4,"href":"https:\/\/www.ifbaiano.edu.br\/unidades\/lapa\/wp-json\/wp\/v2\/posts\/29956\/revisions"}],"predecessor-version":[{"id":29961,"href":"https:\/\/www.ifbaiano.edu.br\/unidades\/lapa\/wp-json\/wp\/v2\/posts\/29956\/revisions\/29961"}],"wp:featuredmedia":[{"embeddable":true,"href":"https:\/\/www.ifbaiano.edu.br\/unidades\/lapa\/wp-json\/wp\/v2\/media\/29957"}],"wp:attachment":[{"href":"https:\/\/www.ifbaiano.edu.br\/unidades\/lapa\/wp-json\/wp\/v2\/media?parent=29956"}],"wp:term":[{"taxonomy":"category","embeddable":true,"href":"https:\/\/www.ifbaiano.edu.br\/unidades\/lapa\/wp-json\/wp\/v2\/categories?post=29956"},{"taxonomy":"post_tag","embeddable":true,"href":"https:\/\/www.ifbaiano.edu.br\/unidades\/lapa\/wp-json\/wp\/v2\/tags?post=29956"}],"curies":[{"name":"wp","href":"https:\/\/api.w.org\/{rel}","templated":true}]}}