{"id":29962,"date":"2025-07-10T10:04:01","date_gmt":"2025-07-10T13:04:01","guid":{"rendered":"https:\/\/www.ifbaiano.edu.br\/unidades\/lapa\/?p=29962"},"modified":"2025-07-10T10:04:02","modified_gmt":"2025-07-10T13:04:02","slug":"viagem-tecnica-a-edicao-nacional-da-campus-party","status":"publish","type":"post","link":"https:\/\/www.ifbaiano.edu.br\/unidades\/lapa\/2025\/07\/10\/viagem-tecnica-a-edicao-nacional-da-campus-party\/","title":{"rendered":"VIAGEM T\u00c9CNICA \u00c0 EDI\u00c7\u00c3O NACIONAL DA CAMPUS PARTY"},"content":{"rendered":"\n<figure class=\"wp-block-image size-large is-resized\"><img decoding=\"async\" loading=\"lazy\" src=\"https:\/\/www.ifbaiano.edu.br\/unidades\/lapa\/files\/2025\/07\/2310-WhatsApp-Image-2025-07-08-at-22.02.51-2-1024x768.webp\" alt=\"\" class=\"wp-image-29963\" width=\"840\" height=\"630\" srcset=\"https:\/\/www.ifbaiano.edu.br\/unidades\/lapa\/files\/2025\/07\/2310-WhatsApp-Image-2025-07-08-at-22.02.51-2-1024x768.webp 1024w, https:\/\/www.ifbaiano.edu.br\/unidades\/lapa\/files\/2025\/07\/2310-WhatsApp-Image-2025-07-08-at-22.02.51-2-300x225.webp 300w, https:\/\/www.ifbaiano.edu.br\/unidades\/lapa\/files\/2025\/07\/2310-WhatsApp-Image-2025-07-08-at-22.02.51-2-768x576.webp 768w, https:\/\/www.ifbaiano.edu.br\/unidades\/lapa\/files\/2025\/07\/2310-WhatsApp-Image-2025-07-08-at-22.02.51-2-100x75.webp 100w, https:\/\/www.ifbaiano.edu.br\/unidades\/lapa\/files\/2025\/07\/2310-WhatsApp-Image-2025-07-08-at-22.02.51-2.webp 1440w\" sizes=\"(max-width: 840px) 100vw, 840px\" \/><\/figure>\n\n\n\n<p>O IF Baiano &#8211; Campus Bom Jesus da Lapa promoveu, entre dias os 18 e 22 de junho, uma viagem t\u00e9cnica a Campus Party, evento nacional de tecnologia realizado em Bras\u00edlia, com estudantes do Curso Superior em Gest\u00e3o da Tecnologia da Informa\u00e7\u00e3o.<\/p>\n\n\n\n<p>A viagem foi planejada pelo professor Thiago Nogueira e pelo estudante Gabriel Baliza e conduzida pelas professoras Moniky Ribeiro e Giovanna Rodrigues.<\/p>\n\n\n\n<p>O evento ofereceu aos estudantes uma variedade de atividades, palestras, oficinas e experi\u00eancias interativas, focadas nas \u00e1reas de tecnologia, inova\u00e7\u00e3o e empreendedorismo. Al\u00e9m disso, a edi\u00e7\u00e3o nacional reuniu profissionais, estudantes e entusiastas da tecnologia da informa\u00e7\u00e3o de todo o pa\u00eds, proporcionando uma excelente oportunidade para a realiza\u00e7\u00e3o de networking e troca de experi\u00eancias entre os participantes.<\/p>\n\n\n\n<p>A iniciativa refor\u00e7a o compromisso do IF Baiano de oferecer aos estudantes viv\u00eancias que complementam a forma\u00e7\u00e3o acad\u00eamica, preparando-os para os desafios e oportunidades do mercado de TI em constante evolu\u00e7\u00e3o.<\/p>\n\n\n\n<figure class=\"wp-block-gallery has-nested-images columns-default is-cropped wp-block-gallery-1 is-layout-flex\">\n<figure class=\"wp-block-image size-large\"><img decoding=\"async\" loading=\"lazy\" width=\"576\" height=\"1024\" data-id=\"29968\"  src=\"https:\/\/www.ifbaiano.edu.br\/unidades\/lapa\/files\/2025\/07\/2329-WhatsApp-Image-2025-07-08-at-22.02.49-576x1024.webp\" alt=\"\" class=\"wp-image-29968\" srcset=\"https:\/\/www.ifbaiano.edu.br\/unidades\/lapa\/files\/2025\/07\/2329-WhatsApp-Image-2025-07-08-at-22.02.49-576x1024.webp 576w, https:\/\/www.ifbaiano.edu.br\/unidades\/lapa\/files\/2025\/07\/2329-WhatsApp-Image-2025-07-08-at-22.02.49-169x300.webp 169w, https:\/\/www.ifbaiano.edu.br\/unidades\/lapa\/files\/2025\/07\/2329-WhatsApp-Image-2025-07-08-at-22.02.49-100x178.webp 100w, https:\/\/www.ifbaiano.edu.br\/unidades\/lapa\/files\/2025\/07\/2329-WhatsApp-Image-2025-07-08-at-22.02.49.webp 607w\" sizes=\"(max-width: 576px) 100vw, 576px\" \/><\/figure>\n\n\n\n<figure class=\"wp-block-image size-large\"><img decoding=\"async\" loading=\"lazy\" width=\"576\" height=\"1024\" data-id=\"29967\"  src=\"https:\/\/www.ifbaiano.edu.br\/unidades\/lapa\/files\/2025\/07\/2328-WhatsApp-Image-2025-07-08-at-22.02.50-576x1024.webp\" alt=\"\" class=\"wp-image-29967\" srcset=\"https:\/\/www.ifbaiano.edu.br\/unidades\/lapa\/files\/2025\/07\/2328-WhatsApp-Image-2025-07-08-at-22.02.50-576x1024.webp 576w, https:\/\/www.ifbaiano.edu.br\/unidades\/lapa\/files\/2025\/07\/2328-WhatsApp-Image-2025-07-08-at-22.02.50-169x300.webp 169w, https:\/\/www.ifbaiano.edu.br\/unidades\/lapa\/files\/2025\/07\/2328-WhatsApp-Image-2025-07-08-at-22.02.50-100x178.webp 100w, https:\/\/www.ifbaiano.edu.br\/unidades\/lapa\/files\/2025\/07\/2328-WhatsApp-Image-2025-07-08-at-22.02.50.webp 607w\" sizes=\"(max-width: 576px) 100vw, 576px\" \/><\/figure>\n\n\n\n<figure class=\"wp-block-image size-large\"><img decoding=\"async\" loading=\"lazy\" width=\"576\" height=\"1024\" data-id=\"29966\"  src=\"https:\/\/www.ifbaiano.edu.br\/unidades\/lapa\/files\/2025\/07\/2327-WhatsApp-Image-2025-07-08-at-22.02.50-1-576x1024.webp\" alt=\"\" class=\"wp-image-29966\" srcset=\"https:\/\/www.ifbaiano.edu.br\/unidades\/lapa\/files\/2025\/07\/2327-WhatsApp-Image-2025-07-08-at-22.02.50-1-576x1024.webp 576w, https:\/\/www.ifbaiano.edu.br\/unidades\/lapa\/files\/2025\/07\/2327-WhatsApp-Image-2025-07-08-at-22.02.50-1-169x300.webp 169w, https:\/\/www.ifbaiano.edu.br\/unidades\/lapa\/files\/2025\/07\/2327-WhatsApp-Image-2025-07-08-at-22.02.50-1-100x178.webp 100w, https:\/\/www.ifbaiano.edu.br\/unidades\/lapa\/files\/2025\/07\/2327-WhatsApp-Image-2025-07-08-at-22.02.50-1.webp 607w\" sizes=\"(max-width: 576px) 100vw, 576px\" \/><\/figure>\n\n\n\n<figure class=\"wp-block-image size-large\"><img decoding=\"async\" loading=\"lazy\" width=\"1024\" height=\"1024\" data-id=\"29965\"  src=\"https:\/\/www.ifbaiano.edu.br\/unidades\/lapa\/files\/2025\/07\/2326-WhatsApp-Image-2025-07-08-at-22.02.51-1024x1024.webp\" alt=\"\" class=\"wp-image-29965\" srcset=\"https:\/\/www.ifbaiano.edu.br\/unidades\/lapa\/files\/2025\/07\/2326-WhatsApp-Image-2025-07-08-at-22.02.51-1024x1024.webp 1024w, https:\/\/www.ifbaiano.edu.br\/unidades\/lapa\/files\/2025\/07\/2326-WhatsApp-Image-2025-07-08-at-22.02.51-300x300.webp 300w, https:\/\/www.ifbaiano.edu.br\/unidades\/lapa\/files\/2025\/07\/2326-WhatsApp-Image-2025-07-08-at-22.02.51-150x150.webp 150w, https:\/\/www.ifbaiano.edu.br\/unidades\/lapa\/files\/2025\/07\/2326-WhatsApp-Image-2025-07-08-at-22.02.51-768x768.webp 768w, https:\/\/www.ifbaiano.edu.br\/unidades\/lapa\/files\/2025\/07\/2326-WhatsApp-Image-2025-07-08-at-22.02.51-100x100.webp 100w, https:\/\/www.ifbaiano.edu.br\/unidades\/lapa\/files\/2025\/07\/2326-WhatsApp-Image-2025-07-08-at-22.02.51.webp 1080w\" sizes=\"(max-width: 1024px) 100vw, 1024px\" \/><\/figure>\n\n\n\n<figure class=\"wp-block-image size-large\"><img decoding=\"async\" loading=\"lazy\" width=\"1024\" height=\"1024\" data-id=\"29964\"  src=\"https:\/\/www.ifbaiano.edu.br\/unidades\/lapa\/files\/2025\/07\/2325-WhatsApp-Image-2025-07-08-at-22.02.51-1-1024x1024.webp\" alt=\"\" class=\"wp-image-29964\" srcset=\"https:\/\/www.ifbaiano.edu.br\/unidades\/lapa\/files\/2025\/07\/2325-WhatsApp-Image-2025-07-08-at-22.02.51-1-1024x1024.webp 1024w, https:\/\/www.ifbaiano.edu.br\/unidades\/lapa\/files\/2025\/07\/2325-WhatsApp-Image-2025-07-08-at-22.02.51-1-300x300.webp 300w, https:\/\/www.ifbaiano.edu.br\/unidades\/lapa\/files\/2025\/07\/2325-WhatsApp-Image-2025-07-08-at-22.02.51-1-150x150.webp 150w, https:\/\/www.ifbaiano.edu.br\/unidades\/lapa\/files\/2025\/07\/2325-WhatsApp-Image-2025-07-08-at-22.02.51-1-768x768.webp 768w, https:\/\/www.ifbaiano.edu.br\/unidades\/lapa\/files\/2025\/07\/2325-WhatsApp-Image-2025-07-08-at-22.02.51-1-100x100.webp 100w, https:\/\/www.ifbaiano.edu.br\/unidades\/lapa\/files\/2025\/07\/2325-WhatsApp-Image-2025-07-08-at-22.02.51-1.webp 1080w\" sizes=\"(max-width: 1024px) 100vw, 1024px\" \/><\/figure>\n\n\n\n<figure class=\"wp-block-image size-large\"><img decoding=\"async\" loading=\"lazy\" width=\"1024\" height=\"768\" data-id=\"29963\"  src=\"https:\/\/www.ifbaiano.edu.br\/unidades\/lapa\/files\/2025\/07\/2310-WhatsApp-Image-2025-07-08-at-22.02.51-2-1024x768.webp\" alt=\"\" class=\"wp-image-29963\" srcset=\"https:\/\/www.ifbaiano.edu.br\/unidades\/lapa\/files\/2025\/07\/2310-WhatsApp-Image-2025-07-08-at-22.02.51-2-1024x768.webp 1024w, https:\/\/www.ifbaiano.edu.br\/unidades\/lapa\/files\/2025\/07\/2310-WhatsApp-Image-2025-07-08-at-22.02.51-2-300x225.webp 300w, https:\/\/www.ifbaiano.edu.br\/unidades\/lapa\/files\/2025\/07\/2310-WhatsApp-Image-2025-07-08-at-22.02.51-2-768x576.webp 768w, https:\/\/www.ifbaiano.edu.br\/unidades\/lapa\/files\/2025\/07\/2310-WhatsApp-Image-2025-07-08-at-22.02.51-2-100x75.webp 100w, https:\/\/www.ifbaiano.edu.br\/unidades\/lapa\/files\/2025\/07\/2310-WhatsApp-Image-2025-07-08-at-22.02.51-2.webp 1440w\" sizes=\"(max-width: 1024px) 100vw, 1024px\" \/><\/figure>\n<\/figure>\n","protected":false},"excerpt":{"rendered":"<p>O IF Baiano &#8211; Campus Bom Jesus da Lapa promoveu, entre dias os 18 e 22 de junho, uma viagem t\u00e9cnica a Campus Party, evento nacional de tecnologia realizado em Bras\u00edlia, com estudantes do Curso Superior em Gest\u00e3o da Tecnologia da Informa\u00e7\u00e3o. A viagem foi planejada pelo professor Thiago Nogueira e pelo estudante Gabriel Baliza [&hellip;]<\/p>\n","protected":false},"author":192,"featured_media":29963,"comment_status":"open","ping_status":"open","sticky":false,"template":"","format":"standard","meta":[],"categories":[115,64,112,24,65],"tags":[],"_links":{"self":[{"href":"https:\/\/www.ifbaiano.edu.br\/unidades\/lapa\/wp-json\/wp\/v2\/posts\/29962"}],"collection":[{"href":"https:\/\/www.ifbaiano.edu.br\/unidades\/lapa\/wp-json\/wp\/v2\/posts"}],"about":[{"href":"https:\/\/www.ifbaiano.edu.br\/unidades\/lapa\/wp-json\/wp\/v2\/types\/post"}],"author":[{"embeddable":true,"href":"https:\/\/www.ifbaiano.edu.br\/unidades\/lapa\/wp-json\/wp\/v2\/users\/192"}],"replies":[{"embeddable":true,"href":"https:\/\/www.ifbaiano.edu.br\/unidades\/lapa\/wp-json\/wp\/v2\/comments?post=29962"}],"version-history":[{"count":1,"href":"https:\/\/www.ifbaiano.edu.br\/unidades\/lapa\/wp-json\/wp\/v2\/posts\/29962\/revisions"}],"predecessor-version":[{"id":29969,"href":"https:\/\/www.ifbaiano.edu.br\/unidades\/lapa\/wp-json\/wp\/v2\/posts\/29962\/revisions\/29969"}],"wp:featuredmedia":[{"embeddable":true,"href":"https:\/\/www.ifbaiano.edu.br\/unidades\/lapa\/wp-json\/wp\/v2\/media\/29963"}],"wp:attachment":[{"href":"https:\/\/www.ifbaiano.edu.br\/unidades\/lapa\/wp-json\/wp\/v2\/media?parent=29962"}],"wp:term":[{"taxonomy":"category","embeddable":true,"href":"https:\/\/www.ifbaiano.edu.br\/unidades\/lapa\/wp-json\/wp\/v2\/categories?post=29962"},{"taxonomy":"post_tag","embeddable":true,"href":"https:\/\/www.ifbaiano.edu.br\/unidades\/lapa\/wp-json\/wp\/v2\/tags?post=29962"}],"curies":[{"name":"wp","href":"https:\/\/api.w.org\/{rel}","templated":true}]}}