{"id":29985,"date":"2025-07-23T09:07:54","date_gmt":"2025-07-23T12:07:54","guid":{"rendered":"https:\/\/www.ifbaiano.edu.br\/unidades\/lapa\/?p=29985"},"modified":"2025-07-23T09:11:13","modified_gmt":"2025-07-23T12:11:13","slug":"julho-das-pretas-2025","status":"publish","type":"post","link":"https:\/\/www.ifbaiano.edu.br\/unidades\/lapa\/2025\/07\/23\/julho-das-pretas-2025\/","title":{"rendered":"Julho das Pretas 2025"},"content":{"rendered":"<div class=\"wp-block-image\">\n<figure class=\"aligncenter size-full is-resized\"><img decoding=\"async\" loading=\"lazy\" src=\"https:\/\/www.ifbaiano.edu.br\/unidades\/lapa\/files\/2025\/07\/2017-Instagram-Story-Consciencia-Negra-Simples-Amarelo-e-Preto-720-x-540-px.webp\" alt=\"\" class=\"wp-image-29987\" width=\"688\" height=\"516\" srcset=\"https:\/\/www.ifbaiano.edu.br\/unidades\/lapa\/files\/2025\/07\/2017-Instagram-Story-Consciencia-Negra-Simples-Amarelo-e-Preto-720-x-540-px.webp 720w, https:\/\/www.ifbaiano.edu.br\/unidades\/lapa\/files\/2025\/07\/2017-Instagram-Story-Consciencia-Negra-Simples-Amarelo-e-Preto-720-x-540-px-300x225.webp 300w, https:\/\/www.ifbaiano.edu.br\/unidades\/lapa\/files\/2025\/07\/2017-Instagram-Story-Consciencia-Negra-Simples-Amarelo-e-Preto-720-x-540-px-100x75.webp 100w\" sizes=\"(max-width: 688px) 100vw, 688px\" \/><\/figure><\/div>\n\n\n<p>No dia <strong>25 de julho de 2025<\/strong>, ser\u00e1 realizado o evento <strong>Julho das Pretas<\/strong>, com o tema: <\/p>\n\n\n\n<p><strong>&#8220;\u00c1guas e corpos em movimento: diversidade, sexualidade e protagonismo das mulheres negras na luta por justi\u00e7a, equidade e oportunidade no Velho Chico.&#8221;<\/strong><\/p>\n\n\n\n<p>A programa\u00e7\u00e3o contar\u00e1 com mesas-redondas e rodas de conversa que reunir\u00e3o convidadas e convidados com trajet\u00f3rias marcadas pela milit\u00e2ncia, pela produ\u00e7\u00e3o de conhecimento e pelo ativismo em prol das mulheres negras.<\/p>\n\n\n\n<p>O evento \u00e9 um espa\u00e7o de di\u00e1logo, reflex\u00e3o e valoriza\u00e7\u00e3o das m\u00faltiplas formas de existir e resistir das mulheres negras, especialmente aquelas que vivem e atuam nas margens do Rio S\u00e3o Francisco.<\/p>\n\n\n\n<p>Ser\u00e1 um momento importante para fortalecer redes, visibilizar lutas e reafirmar o compromisso com a justi\u00e7a social e a equidade de g\u00eanero e ra\u00e7a.<\/p>\n\n\n\n<p>Acompanhe as atualiza\u00e7\u00f5es neste canal e no Instagram: <a href=\"https:\/\/www.instagram.com\/ifbaiano_lapa\/\" data-type=\"URL\" data-id=\"https:\/\/www.instagram.com\/ifbaiano_lapa\/\" target=\"_blank\" rel=\"noreferrer noopener\">@ifbaiano_lapa<\/a>. Participe dessa constru\u00e7\u00e3o coletiva!<\/p>\n\n\n\n<p>INSCRI\u00c7\u00d5ES EM: <a href=\"https:\/\/suap.ifbaiano.edu.br\/eventos\/inscricao\/2559\/\" target=\"_blank\" rel=\"noreferrer noopener\">https:\/\/suap.ifbaiano.edu.br\/eventos\/inscricao\/2559\/<\/a><\/p>\n","protected":false},"excerpt":{"rendered":"<p>No dia 25 de julho de 2025, ser\u00e1 realizado o evento Julho das Pretas, com o tema: &#8220;\u00c1guas e corpos em movimento: diversidade, sexualidade e protagonismo das mulheres negras na luta por justi\u00e7a, equidade e oportunidade no Velho Chico.&#8221; A programa\u00e7\u00e3o contar\u00e1 com mesas-redondas e rodas de conversa que reunir\u00e3o convidadas e convidados com trajet\u00f3rias [&hellip;]<\/p>\n","protected":false},"author":192,"featured_media":29988,"comment_status":"open","ping_status":"open","sticky":false,"template":"","format":"standard","meta":[],"categories":[115,64,24,1,65],"tags":[],"_links":{"self":[{"href":"https:\/\/www.ifbaiano.edu.br\/unidades\/lapa\/wp-json\/wp\/v2\/posts\/29985"}],"collection":[{"href":"https:\/\/www.ifbaiano.edu.br\/unidades\/lapa\/wp-json\/wp\/v2\/posts"}],"about":[{"href":"https:\/\/www.ifbaiano.edu.br\/unidades\/lapa\/wp-json\/wp\/v2\/types\/post"}],"author":[{"embeddable":true,"href":"https:\/\/www.ifbaiano.edu.br\/unidades\/lapa\/wp-json\/wp\/v2\/users\/192"}],"replies":[{"embeddable":true,"href":"https:\/\/www.ifbaiano.edu.br\/unidades\/lapa\/wp-json\/wp\/v2\/comments?post=29985"}],"version-history":[{"count":6,"href":"https:\/\/www.ifbaiano.edu.br\/unidades\/lapa\/wp-json\/wp\/v2\/posts\/29985\/revisions"}],"predecessor-version":[{"id":29994,"href":"https:\/\/www.ifbaiano.edu.br\/unidades\/lapa\/wp-json\/wp\/v2\/posts\/29985\/revisions\/29994"}],"wp:featuredmedia":[{"embeddable":true,"href":"https:\/\/www.ifbaiano.edu.br\/unidades\/lapa\/wp-json\/wp\/v2\/media\/29988"}],"wp:attachment":[{"href":"https:\/\/www.ifbaiano.edu.br\/unidades\/lapa\/wp-json\/wp\/v2\/media?parent=29985"}],"wp:term":[{"taxonomy":"category","embeddable":true,"href":"https:\/\/www.ifbaiano.edu.br\/unidades\/lapa\/wp-json\/wp\/v2\/categories?post=29985"},{"taxonomy":"post_tag","embeddable":true,"href":"https:\/\/www.ifbaiano.edu.br\/unidades\/lapa\/wp-json\/wp\/v2\/tags?post=29985"}],"curies":[{"name":"wp","href":"https:\/\/api.w.org\/{rel}","templated":true}]}}