{"id":3002,"date":"2015-03-19T01:30:06","date_gmt":"2015-03-19T03:30:06","guid":{"rendered":"http:\/\/www.ifbaiano.edu.br\/unidades\/lapa\/?p=3002"},"modified":"2015-03-19T01:30:06","modified_gmt":"2015-03-19T03:30:06","slug":"publicado-resultado-preliminar-do-processo-seletivo-de-vagas-remanescentes-curso-tecnico-em-agricultura","status":"publish","type":"post","link":"https:\/\/www.ifbaiano.edu.br\/unidades\/lapa\/2015\/03\/19\/publicado-resultado-preliminar-do-processo-seletivo-de-vagas-remanescentes-curso-tecnico-em-agricultura\/","title":{"rendered":"Publicado Resultado Preliminar do Processo Seletivo de vagas remanescentes &#8211; Curso T\u00e9cnico em Agricultura"},"content":{"rendered":"<p>A Dire\u00e7\u00e3o Geral do IF Baiano &#8211; Campus Bom Jesus da Lapa torna p\u00fablico o Resultado Preliminar do Processo Seletivo para ingresso de alunos no Curso T\u00e9cnico em Agricultura.<\/p>\n<p><!--more--><\/p>\n<p><a href=\"http:\/\/www.ifbaiano.edu.br\/unidades\/lapa\/files\/2015\/03\/resultado_preliminar_processo_seletivo.pdf\">Acessem aqui o Resultado<\/a><\/p>\n<p>O Resultado final, p\u00f3s-recurso ser\u00e1 publicado sexta-feira, dia 20 de mar\u00e7o de 2015.<\/p>\n<p>As matr\u00edculas ser\u00e3o realizadas nos dias 23 e 24 de mar\u00e7o de 2015, na Secretaria de Registros Acad\u00eamicos do Campus.<\/p>\n<p>&nbsp;<\/p>\n<p>No ato da matr\u00edcula, o candidato dever\u00e1 preencher a ficha de cadastro fornecida pela SRA e o Question\u00e1rio Socioecon\u00f4mico e apresentar original e c\u00f3pia dos seguintes documentos:<\/p>\n<p>a) Hist\u00f3rico Escolar do Ensino M\u00e9dio e\/ou Atestado de Conclus\u00e3o (provisoriamente), emitido por Institui\u00e7\u00e3o Oficial de Ensino;<\/p>\n<p>b) Carteira de Identidade &#8211; RG e Cadastro de Pessoa F\u00edsica &#8211; CPF;<\/p>\n<p>c) Certid\u00e3o de Nascimento ou Casamento;<\/p>\n<p>d) T\u00edtulo de Eleitor e Certid\u00e3o de Quita\u00e7\u00e3o Eleitoral, para maiores de 18 anos (solicitar no cart\u00f3rio eleitoral ou no site: www.tre-ba.gov.br).<\/p>\n<p>e) Documento comprobat\u00f3rio de regularidade com o Servi\u00e7o Militar, para os alunos a partir dos 18 (dezoito) anos do sexo masculino;<\/p>\n<p>f) Procura\u00e7\u00e3o com firma reconhecida, quando a matr\u00edcula for efetuada por terceiros;<\/p>\n<p>g) Comprovante de Resid\u00eancia;<\/p>\n<p>h) 06 (seis) fotos 3&#215;4 iguais e recentes;<\/p>\n<p>i) CPF e RG dos respons\u00e1veis pelos menores de 18 (dezoito anos);<\/p>\n<p>j) Certifica\u00e7\u00e3o de Conclus\u00e3o do Ensino M\u00e9dio com base nas notas do Exame Nacional do Ensino M\u00e9dio \u2013 ENEM, se for o caso.<\/p>\n<p>&nbsp;<\/p>\n","protected":false},"excerpt":{"rendered":"<p>A Dire\u00e7\u00e3o Geral do IF Baiano &#8211; Campus Bom Jesus da Lapa torna p\u00fablico o Resultado Preliminar do Processo Seletivo para ingresso de alunos no Curso T\u00e9cnico em Agricultura.<\/p>\n","protected":false},"author":36,"featured_media":0,"comment_status":"open","ping_status":"open","sticky":false,"template":"","format":"standard","meta":[],"categories":[1],"tags":[],"_links":{"self":[{"href":"https:\/\/www.ifbaiano.edu.br\/unidades\/lapa\/wp-json\/wp\/v2\/posts\/3002"}],"collection":[{"href":"https:\/\/www.ifbaiano.edu.br\/unidades\/lapa\/wp-json\/wp\/v2\/posts"}],"about":[{"href":"https:\/\/www.ifbaiano.edu.br\/unidades\/lapa\/wp-json\/wp\/v2\/types\/post"}],"author":[{"embeddable":true,"href":"https:\/\/www.ifbaiano.edu.br\/unidades\/lapa\/wp-json\/wp\/v2\/users\/36"}],"replies":[{"embeddable":true,"href":"https:\/\/www.ifbaiano.edu.br\/unidades\/lapa\/wp-json\/wp\/v2\/comments?post=3002"}],"version-history":[{"count":2,"href":"https:\/\/www.ifbaiano.edu.br\/unidades\/lapa\/wp-json\/wp\/v2\/posts\/3002\/revisions"}],"predecessor-version":[{"id":3005,"href":"https:\/\/www.ifbaiano.edu.br\/unidades\/lapa\/wp-json\/wp\/v2\/posts\/3002\/revisions\/3005"}],"wp:attachment":[{"href":"https:\/\/www.ifbaiano.edu.br\/unidades\/lapa\/wp-json\/wp\/v2\/media?parent=3002"}],"wp:term":[{"taxonomy":"category","embeddable":true,"href":"https:\/\/www.ifbaiano.edu.br\/unidades\/lapa\/wp-json\/wp\/v2\/categories?post=3002"},{"taxonomy":"post_tag","embeddable":true,"href":"https:\/\/www.ifbaiano.edu.br\/unidades\/lapa\/wp-json\/wp\/v2\/tags?post=3002"}],"curies":[{"name":"wp","href":"https:\/\/api.w.org\/{rel}","templated":true}]}}