{"id":3006,"date":"2015-03-20T14:17:19","date_gmt":"2015-03-20T16:17:19","guid":{"rendered":"http:\/\/www.ifbaiano.edu.br\/unidades\/lapa\/?p=3006"},"modified":"2015-03-23T18:58:30","modified_gmt":"2015-03-23T20:58:30","slug":"3006","status":"publish","type":"post","link":"https:\/\/www.ifbaiano.edu.br\/unidades\/lapa\/2015\/03\/20\/3006\/","title":{"rendered":"Resultado Final e Primeira Chamada de Matr\u00edculas &#8211; Curso T\u00e9cnico em Agricultura"},"content":{"rendered":"<p>O Diretor Geral do Campus Lapa torna p\u00fablico RESULTADO FINAL e EDITAL DE MATR\u00cdCULAS para o Curso T\u00e9cnico em Agricultura, objeto do Edital de Sele\u00e7\u00e3o 04\/2015.<\/p>\n<p><!--more--><a href=\"http:\/\/www.ifbaiano.edu.br\/unidades\/lapa\/files\/2015\/03\/resultado_final_lapa.pdf\">Acessem o Resultado Final<\/a><\/p>\n<p><a href=\"http:\/\/www.ifbaiano.edu.br\/unidades\/lapa\/files\/2015\/03\/edital_remanescentes_matricula.pdf\">Acessem o Edital de Matr\u00edculas<\/a><\/p>\n<p><strong><a href=\"http:\/\/www.ifbaiano.edu.br\/unidades\/lapa\/files\/2015\/03\/primeira_chamada_lapa.pdf\">Acessem a rela\u00e7\u00e3o de convocados\u00a01\u00aa Chamada<\/a><\/strong><\/p>\n<p>&nbsp;<\/p>\n<p><strong>DA DATA DE MATR\u00cdCULAS:<\/strong><\/p>\n<p>23 e 24 de mar\u00e7o de 2015.<\/p>\n<p>&nbsp;<\/p>\n<p><strong>DA DOCUMENTA\u00c7\u00c3O NECESS\u00c1RIA:<\/strong><\/p>\n<p>No ato da matr\u00edcula, o candidato dever\u00e1 preencher a ficha de cadastro fornecida pela SRA e o Question\u00e1rio Socioecon\u00f4mico e apresentar original e c\u00f3pia dos seguintes documentos:<\/p>\n<p>a) Hist\u00f3rico Escolar do Ensino M\u00e9dio e\/ou Atestado de Conclus\u00e3o (provisoriamente), emitido por Institui\u00e7\u00e3o Oficial de Ensino;<\/p>\n<p>b) Carteira de Identidade &#8211; RG e Cadastro de Pessoa F\u00edsica &#8211; CPF;<\/p>\n<p>c) Certid\u00e3o de Nascimento ou Casamento;<\/p>\n<p>d) T\u00edtulo de Eleitor e Certid\u00e3o de Quita\u00e7\u00e3o Eleitoral, para maiores de 18 anos (solicitar no cart\u00f3rio eleitoral ou no site: <a href=\"http:\/\/www.tre-ba.gov.br\/\">www.tre-ba.gov.br<\/a>).<\/p>\n<p>e) Documento comprobat\u00f3rio de regularidade com o Servi\u00e7o Militar, para os alunos a partir dos 18 (dezoito) anos do sexo masculino;<\/p>\n<p>f) Procura\u00e7\u00e3o com firma reconhecida, quando a matr\u00edcula for efetuada por terceiros;<\/p>\n<p>g) Comprovante de Resid\u00eancia;<\/p>\n<p>h) 06 (seis) fotos 3&#215;4 iguais e recentes;<\/p>\n<p>i) CPF e RG dos respons\u00e1veis pelos menores de 18 (dezoito anos);<\/p>\n<p>j) Certifica\u00e7\u00e3o de Conclus\u00e3o do Ensino M\u00e9dio com base nas notas do Exame Nacional do Ensino M\u00e9dio \u2013 ENEM, se for o caso.<\/p>\n<p><strong>DO IN\u00cdCIO DAS AULAS:<\/strong><\/p>\n<p>As aulas ter\u00e3o in\u00edcio no dia 24 de mar\u00e7o de 2015.<\/p>\n","protected":false},"excerpt":{"rendered":"<p>O Diretor Geral do Campus Lapa torna p\u00fablico RESULTADO FINAL e EDITAL DE MATR\u00cdCULAS para o Curso T\u00e9cnico em Agricultura, objeto do Edital de Sele\u00e7\u00e3o 04\/2015.<\/p>\n","protected":false},"author":36,"featured_media":0,"comment_status":"open","ping_status":"open","sticky":false,"template":"","format":"standard","meta":[],"categories":[1],"tags":[],"_links":{"self":[{"href":"https:\/\/www.ifbaiano.edu.br\/unidades\/lapa\/wp-json\/wp\/v2\/posts\/3006"}],"collection":[{"href":"https:\/\/www.ifbaiano.edu.br\/unidades\/lapa\/wp-json\/wp\/v2\/posts"}],"about":[{"href":"https:\/\/www.ifbaiano.edu.br\/unidades\/lapa\/wp-json\/wp\/v2\/types\/post"}],"author":[{"embeddable":true,"href":"https:\/\/www.ifbaiano.edu.br\/unidades\/lapa\/wp-json\/wp\/v2\/users\/36"}],"replies":[{"embeddable":true,"href":"https:\/\/www.ifbaiano.edu.br\/unidades\/lapa\/wp-json\/wp\/v2\/comments?post=3006"}],"version-history":[{"count":7,"href":"https:\/\/www.ifbaiano.edu.br\/unidades\/lapa\/wp-json\/wp\/v2\/posts\/3006\/revisions"}],"predecessor-version":[{"id":3011,"href":"https:\/\/www.ifbaiano.edu.br\/unidades\/lapa\/wp-json\/wp\/v2\/posts\/3006\/revisions\/3011"}],"wp:attachment":[{"href":"https:\/\/www.ifbaiano.edu.br\/unidades\/lapa\/wp-json\/wp\/v2\/media?parent=3006"}],"wp:term":[{"taxonomy":"category","embeddable":true,"href":"https:\/\/www.ifbaiano.edu.br\/unidades\/lapa\/wp-json\/wp\/v2\/categories?post=3006"},{"taxonomy":"post_tag","embeddable":true,"href":"https:\/\/www.ifbaiano.edu.br\/unidades\/lapa\/wp-json\/wp\/v2\/tags?post=3006"}],"curies":[{"name":"wp","href":"https:\/\/api.w.org\/{rel}","templated":true}]}}