{"id":30073,"date":"2025-09-01T11:54:45","date_gmt":"2025-09-01T14:54:45","guid":{"rendered":"https:\/\/www.ifbaiano.edu.br\/unidades\/lapa\/?p=30073"},"modified":"2025-09-02T14:54:08","modified_gmt":"2025-09-02T17:54:08","slug":"if-baiano-oferta-120-vagas-para-cursos-tecnicos-integrados-no-campus-bom-jesus-da-lapa","status":"publish","type":"post","link":"https:\/\/www.ifbaiano.edu.br\/unidades\/lapa\/2025\/09\/01\/if-baiano-oferta-120-vagas-para-cursos-tecnicos-integrados-no-campus-bom-jesus-da-lapa\/","title":{"rendered":"IF Baiano oferta 120 vagas para cursos t\u00e9cnicos integrados no Campus Bom Jesus da Lapa"},"content":{"rendered":"\n<p><em>Os cursos t\u00e9cnicos s\u00e3o em Agricultura, Agroecologia e Inform\u00e1tica<\/em><\/p>\n\n\n\n<p>O Campus Bom Jesus da Lapa do <strong>Instituto Federal Baiano (IF Baiano)<\/strong> abriu inscri\u00e7\u00f5es para o <strong>processo seletivo 2026<\/strong>, oferecendo<strong> 120 vagas gratuitas<\/strong> para<strong> cursos t\u00e9cnicos integrados ao Ensino M\u00e9dio<\/strong>. A oportunidade \u00e9 para estudantes que conclu\u00edram o Ensino Fundamental e desejam estudar em uma institui\u00e7\u00e3o p\u00fablica de excel\u00eancia.<\/p>\n\n\n\n<h2 class=\"wp-block-heading\"><strong>Cursos dispon\u00edveis e vagas ofertadas<\/strong><\/h2>\n\n\n\n<ul>\n<li><strong>T\u00e9cnico em Agricultura<\/strong> \u2013 40 vagas<\/li>\n\n\n\n<li><strong>T\u00e9cnico em Agroecologia<\/strong> \u2013 40 vagas<\/li>\n\n\n\n<li><strong>T\u00e9cnico em Inform\u00e1tica<\/strong> \u2013 40 vagas<\/li>\n<\/ul>\n\n\n\n<h2 class=\"wp-block-heading\"><strong>Per\u00edodo e forma de inscri\u00e7\u00e3o<\/strong><\/h2>\n\n\n\n<p>As inscri\u00e7\u00f5es s\u00e3o <strong>gratuitas<\/strong> e podem ser realizadas:<\/p>\n\n\n\n<ul>\n<li><strong>Online<\/strong>: por meio de formul\u00e1rios digitais;<\/li>\n\n\n\n<li><strong>Presencialmente<\/strong>: no Campus Bom Jesus da Lapa.<\/li>\n<\/ul>\n\n\n\n<p><strong>Prazo<\/strong>: de <strong>1\u00ba de setembro a 12 de outubro de 2025<\/strong>, conforme definido no edital.<br><br>Aten\u00e7\u00e3o: no ato da inscri\u00e7\u00e3o, o(a) candidato(a) deve escolher <strong>apenas um curso<\/strong>. Ap\u00f3s o encerramento do prazo, n\u00e3o ser\u00e1 permitida a altera\u00e7\u00e3o de curso nem do tipo de concorr\u00eancia.<\/p>\n\n\n\n<h2 class=\"wp-block-heading\"><strong>Crit\u00e9rios para participar<\/strong><\/h2>\n\n\n\n<p>Para cursar o n\u00edvel m\u00e9dio junto com o t\u00e9cnico na institui\u00e7\u00e3o, \u00e9 preciso ter conclu\u00eddo o Ensino Fundamental at\u00e9 a data da matr\u00edcula. A sele\u00e7\u00e3o para cursos t\u00e9cnicos no IF Baiano \u00e9 gratuita e os candidatos ser\u00e3o classificados dentro do n\u00famero de vagas a partir da an\u00e1lise do hist\u00f3rico escolar do Ensino Fundamental.<\/p>\n\n\n\n<h2 class=\"wp-block-heading\"><strong>Sistema de reserva de vagas<\/strong><\/h2>\n\n\n\n<p>O IF Baiano adota pol\u00edticas de inclus\u00e3o e reserva:<\/p>\n\n\n\n<ul>\n<li><strong>70%<\/strong> das vagas para candidatos que cursaram o Ensino Fundamental integralmente na rede p\u00fablica;<\/li>\n\n\n\n<li><strong>25%<\/strong> para ampla concorr\u00eancia;<\/li>\n\n\n\n<li><strong>5%<\/strong> para Pessoas com Defici\u00eancia (PcD).<\/li>\n<\/ul>\n\n\n\n<h2 class=\"wp-block-heading\"><strong>Acompanhe o processo seletivo<\/strong><\/h2>\n\n\n\n<p>Todas as etapas \u2014 editais, resultados e comunicados \u2014 estar\u00e3o dispon\u00edveis nesta p\u00e1gina. O detalhamento completo sobre inscri\u00e7\u00f5es, documenta\u00e7\u00e3o e cronograma pode ser consultado diretamente no <a href=\"https:\/\/ingresso.ifbaiano.edu.br\/\"><strong>edital<\/strong><\/a>.<\/p>\n\n\n\n<p><strong>D\u00favidas<\/strong>: entre em contato pelo e-mail <a href=\"mailto:prosel@lapa.ifbaiano.edu.br\">prosel@lapa.ifbaiano.edu.br<\/a>.<br><br><strong><br>Sobre o ingresso no IF Baiano<\/strong><\/p>\n\n\n\n<p>O <strong>Instituto Federal Baiano <\/strong>possui <strong>14 campi<\/strong>, distribu\u00eddos pelo interior da Bahia, nas cidades de Alagoinhas, Bom Jesus da Lapa, Catu, Governador Mangabeira, Guanambi, Itaberaba, Itapetinga, Santa In\u00eas, Senhor do Bonfim, Serrinha, Teixeira de Freitas, Uru\u00e7uca, Valen\u00e7a e Xique-Xique.<br><br>Cada unidade possui seu pr\u00f3prio processo seletivo para cursos <strong>t\u00e9cnicos integrados<\/strong> e <strong>subsequentes<\/strong>. Para conhecer todos os editais e verificar as vagas abertas em outros campi, acesse: <a href=\"https:\/\/ingresso.ifbaiano.edu.br\/\"><strong>https:\/\/ingresso.ifbaiano.edu.br\/<\/strong><\/a><strong>.\u00a0<\/strong><\/p>\n\n\n\n<figure class=\"wp-block-gallery has-nested-images columns-default is-cropped wp-block-gallery-1 is-layout-flex\">\n<figure class=\"wp-block-image size-large\"><img decoding=\"async\" loading=\"lazy\" width=\"819\" height=\"1024\" data-id=\"30074\"  src=\"https:\/\/www.ifbaiano.edu.br\/unidades\/lapa\/files\/2025\/09\/6797-1-819x1024.webp\" alt=\"\" class=\"wp-image-30074\" srcset=\"https:\/\/www.ifbaiano.edu.br\/unidades\/lapa\/files\/2025\/09\/6797-1-819x1024.webp 819w, https:\/\/www.ifbaiano.edu.br\/unidades\/lapa\/files\/2025\/09\/6797-1-240x300.webp 240w, https:\/\/www.ifbaiano.edu.br\/unidades\/lapa\/files\/2025\/09\/6797-1-768x960.webp 768w, https:\/\/www.ifbaiano.edu.br\/unidades\/lapa\/files\/2025\/09\/6797-1-100x125.webp 100w, https:\/\/www.ifbaiano.edu.br\/unidades\/lapa\/files\/2025\/09\/6797-1.webp 864w\" sizes=\"(max-width: 819px) 100vw, 819px\" \/><\/figure>\n\n\n\n<figure class=\"wp-block-image size-large\"><img decoding=\"async\" loading=\"lazy\" width=\"819\" height=\"1024\" data-id=\"30075\"  src=\"https:\/\/www.ifbaiano.edu.br\/unidades\/lapa\/files\/2025\/09\/7068-2-819x1024.webp\" alt=\"\" class=\"wp-image-30075\" srcset=\"https:\/\/www.ifbaiano.edu.br\/unidades\/lapa\/files\/2025\/09\/7068-2-819x1024.webp 819w, https:\/\/www.ifbaiano.edu.br\/unidades\/lapa\/files\/2025\/09\/7068-2-240x300.webp 240w, https:\/\/www.ifbaiano.edu.br\/unidades\/lapa\/files\/2025\/09\/7068-2-768x960.webp 768w, https:\/\/www.ifbaiano.edu.br\/unidades\/lapa\/files\/2025\/09\/7068-2-100x125.webp 100w, https:\/\/www.ifbaiano.edu.br\/unidades\/lapa\/files\/2025\/09\/7068-2.webp 864w\" sizes=\"(max-width: 819px) 100vw, 819px\" \/><\/figure>\n\n\n\n<figure class=\"wp-block-image size-large\"><img decoding=\"async\" loading=\"lazy\" width=\"819\" height=\"1024\" data-id=\"30076\"  src=\"https:\/\/www.ifbaiano.edu.br\/unidades\/lapa\/files\/2025\/09\/7073-3-819x1024.webp\" alt=\"\" class=\"wp-image-30076\" srcset=\"https:\/\/www.ifbaiano.edu.br\/unidades\/lapa\/files\/2025\/09\/7073-3-819x1024.webp 819w, https:\/\/www.ifbaiano.edu.br\/unidades\/lapa\/files\/2025\/09\/7073-3-240x300.webp 240w, https:\/\/www.ifbaiano.edu.br\/unidades\/lapa\/files\/2025\/09\/7073-3-768x960.webp 768w, https:\/\/www.ifbaiano.edu.br\/unidades\/lapa\/files\/2025\/09\/7073-3-100x125.webp 100w, https:\/\/www.ifbaiano.edu.br\/unidades\/lapa\/files\/2025\/09\/7073-3.webp 864w\" sizes=\"(max-width: 819px) 100vw, 819px\" \/><\/figure>\n\n\n\n<figure class=\"wp-block-image size-large\"><img decoding=\"async\" loading=\"lazy\" width=\"819\" height=\"1024\" data-id=\"30077\"  src=\"https:\/\/www.ifbaiano.edu.br\/unidades\/lapa\/files\/2025\/09\/7075-4-819x1024.webp\" alt=\"\" class=\"wp-image-30077\" srcset=\"https:\/\/www.ifbaiano.edu.br\/unidades\/lapa\/files\/2025\/09\/7075-4-819x1024.webp 819w, https:\/\/www.ifbaiano.edu.br\/unidades\/lapa\/files\/2025\/09\/7075-4-240x300.webp 240w, https:\/\/www.ifbaiano.edu.br\/unidades\/lapa\/files\/2025\/09\/7075-4-768x960.webp 768w, https:\/\/www.ifbaiano.edu.br\/unidades\/lapa\/files\/2025\/09\/7075-4-100x125.webp 100w, https:\/\/www.ifbaiano.edu.br\/unidades\/lapa\/files\/2025\/09\/7075-4.webp 864w\" sizes=\"(max-width: 819px) 100vw, 819px\" \/><\/figure>\n\n\n\n<figure class=\"wp-block-image size-large\"><img decoding=\"async\" loading=\"lazy\" width=\"819\" height=\"1024\" data-id=\"30078\"  src=\"https:\/\/www.ifbaiano.edu.br\/unidades\/lapa\/files\/2025\/09\/7077-5-819x1024.webp\" alt=\"\" class=\"wp-image-30078\" srcset=\"https:\/\/www.ifbaiano.edu.br\/unidades\/lapa\/files\/2025\/09\/7077-5-819x1024.webp 819w, https:\/\/www.ifbaiano.edu.br\/unidades\/lapa\/files\/2025\/09\/7077-5-240x300.webp 240w, https:\/\/www.ifbaiano.edu.br\/unidades\/lapa\/files\/2025\/09\/7077-5-768x960.webp 768w, https:\/\/www.ifbaiano.edu.br\/unidades\/lapa\/files\/2025\/09\/7077-5-100x125.webp 100w, https:\/\/www.ifbaiano.edu.br\/unidades\/lapa\/files\/2025\/09\/7077-5.webp 864w\" sizes=\"(max-width: 819px) 100vw, 819px\" \/><\/figure>\n<\/figure>\n\n\n\n<p><\/p>\n","protected":false},"excerpt":{"rendered":"<p>Os cursos t\u00e9cnicos s\u00e3o em Agricultura, Agroecologia e Inform\u00e1tica O Campus Bom Jesus da Lapa do Instituto Federal Baiano (IF Baiano) abriu inscri\u00e7\u00f5es para o processo seletivo 2026, oferecendo 120 vagas gratuitas para cursos t\u00e9cnicos integrados ao Ensino M\u00e9dio. A oportunidade \u00e9 para estudantes que conclu\u00edram o Ensino Fundamental e desejam estudar em uma institui\u00e7\u00e3o [&hellip;]<\/p>\n","protected":false},"author":192,"featured_media":30074,"comment_status":"open","ping_status":"open","sticky":false,"template":"","format":"standard","meta":[],"categories":[34,64,24,68,73,1,65],"tags":[],"_links":{"self":[{"href":"https:\/\/www.ifbaiano.edu.br\/unidades\/lapa\/wp-json\/wp\/v2\/posts\/30073"}],"collection":[{"href":"https:\/\/www.ifbaiano.edu.br\/unidades\/lapa\/wp-json\/wp\/v2\/posts"}],"about":[{"href":"https:\/\/www.ifbaiano.edu.br\/unidades\/lapa\/wp-json\/wp\/v2\/types\/post"}],"author":[{"embeddable":true,"href":"https:\/\/www.ifbaiano.edu.br\/unidades\/lapa\/wp-json\/wp\/v2\/users\/192"}],"replies":[{"embeddable":true,"href":"https:\/\/www.ifbaiano.edu.br\/unidades\/lapa\/wp-json\/wp\/v2\/comments?post=30073"}],"version-history":[{"count":2,"href":"https:\/\/www.ifbaiano.edu.br\/unidades\/lapa\/wp-json\/wp\/v2\/posts\/30073\/revisions"}],"predecessor-version":[{"id":30080,"href":"https:\/\/www.ifbaiano.edu.br\/unidades\/lapa\/wp-json\/wp\/v2\/posts\/30073\/revisions\/30080"}],"wp:featuredmedia":[{"embeddable":true,"href":"https:\/\/www.ifbaiano.edu.br\/unidades\/lapa\/wp-json\/wp\/v2\/media\/30074"}],"wp:attachment":[{"href":"https:\/\/www.ifbaiano.edu.br\/unidades\/lapa\/wp-json\/wp\/v2\/media?parent=30073"}],"wp:term":[{"taxonomy":"category","embeddable":true,"href":"https:\/\/www.ifbaiano.edu.br\/unidades\/lapa\/wp-json\/wp\/v2\/categories?post=30073"},{"taxonomy":"post_tag","embeddable":true,"href":"https:\/\/www.ifbaiano.edu.br\/unidades\/lapa\/wp-json\/wp\/v2\/tags?post=30073"}],"curies":[{"name":"wp","href":"https:\/\/api.w.org\/{rel}","templated":true}]}}