{"id":30084,"date":"2025-09-02T15:21:31","date_gmt":"2025-09-02T18:21:31","guid":{"rendered":"https:\/\/www.ifbaiano.edu.br\/unidades\/lapa\/?p=30084"},"modified":"2025-11-14T17:25:04","modified_gmt":"2025-11-14T20:25:04","slug":"editais-de-licitacao-2025","status":"publish","type":"post","link":"https:\/\/www.ifbaiano.edu.br\/unidades\/lapa\/2025\/09\/02\/editais-de-licitacao-2025\/","title":{"rendered":"Editais de Licita\u00e7\u00e3o 2025"},"content":{"rendered":"\n<p><a href=\"https:\/\/www.ifbaiano.edu.br\/unidades\/lapa\/files\/2025\/09\/EDITAL-PE-90009.pdf\" target=\"_blank\" rel=\"noreferrer noopener\">EDITAL PE n\u00ba 90009\/2025 &#8211; CONTRATA\u00c7\u00c3O DE SERVI\u00c7OS DE MAO DE OBRA TERCEIRIZADA PARA O IF BAIANO &#8211; CAMPUS BOM JESUS DA LAPA (CAMPO, MOTORISTA E APOIO PEDAG\u00d3GICO)<\/a><\/p>\n\n\n\n<p><a href=\"https:\/\/www.ifbaiano.edu.br\/unidades\/lapa\/files\/2025\/09\/EDITAL-PE-90010.pdf\" target=\"_blank\" rel=\"noreferrer noopener\">EDITAL PE n\u00ba 90010\/2025 &#8211; AQUISI\u00c7\u00c3O DE MATERIAIS E UTENS\u00cdLIOS PARA A COORDENA\u00c7\u00c3O DE ASSIST\u00caNCIA ESTUDANTIL DO CAMPUS BOM JESUS DA LAPA.<\/a><\/p>\n\n\n\n<p><a href=\"https:\/\/www.ifbaiano.edu.br\/unidades\/lapa\/files\/2025\/09\/EDITAL-PE-90011.pdf\" target=\"_blank\" rel=\"noreferrer noopener\">EDITAL PE n\u00ba 90011\/2025 &#8211; Aquisi\u00e7\u00e3o de Material Diversos (Limpeza e expediente).<\/a><\/p>\n\n\n\n<p><a href=\"https:\/\/www.ifbaiano.edu.br\/unidades\/lapa\/files\/2025\/09\/EDITAL-PE-90012.pdf\" target=\"_blank\" rel=\"noreferrer noopener\">EDITAL PE n\u00ba 90012\/2025 &#8211; AQUISI\u00c7\u00c3O DE G\u00c1S DE LIQUEFEITO DE PETR\u00d3LEO PARA IF BAIANO &#8211; CAMPUS BOM JESUS DA LAPA.<\/a><\/p>\n\n\n\n<p><a href=\"https:\/\/www.ifbaiano.edu.br\/unidades\/lapa\/files\/2025\/09\/EDITAL-PE-90013.pdf\" target=\"_blank\" rel=\"noreferrer noopener\">EDITAL PE n\u00ba 90013\/2025 &#8211; Aquisi\u00e7\u00e3o de gen\u00earos aliment\u00edcios para o IF Baiano &#8211; Campus Bom Jesus da Lapa.<\/a><\/p>\n\n\n\n<p><a href=\"https:\/\/www.ifbaiano.edu.br\/unidades\/lapa\/files\/2025\/09\/EDITAL-90014.pdf\" target=\"_blank\" rel=\"noreferrer noopener\">EDITAL PE n\u00ba 90014\/2025 &#8211; CONTRATA\u00c7\u00c3O DE EMPRESA PARA PRESTA\u00c7\u00c3O DE SERVI\u00c7O DE SEGURO ESTUDANTIL PARA O INSTITUTO FEDERAL BAIANO- CAMPUS BOM JESUS DA LAPA.<\/a><\/p>\n\n\n\n<p><a href=\"https:\/\/www.ifbaiano.edu.br\/unidades\/lapa\/files\/2025\/09\/EDITAL-90015-PDF.pdf\" target=\"_blank\" rel=\"noreferrer noopener\">EDITAL PE n\u00ba 90015\/2025 &#8211; Contrata\u00e7\u00e3o de servi\u00e7os de m\u00e3o de obra terceirizada para o refeit\u00f3rio do Instituto Federal Baiano &#8211; Campus Bom Jesus da Lapa.<\/a><\/p>\n\n\n\n<p><a href=\"https:\/\/www.ifbaiano.edu.br\/unidades\/lapa\/files\/2025\/09\/EDITAL-90016-PDF.pdf\" target=\"_blank\" rel=\"noreferrer noopener\">EDITAL PE n\u00ba 90016\/2025 &#8211; Aquisi\u00e7\u00e3o de materiais diversos (limpeza e expediente) para o Instituto Federal Baiano &#8211; campus Bom Jesus da Lapa (Itens fracassados do Preg\u00e3o n\u00ba 90011\/2025).<\/a><\/p>\n\n\n\n<p><a href=\"https:\/\/www.ifbaiano.edu.br\/unidades\/lapa\/files\/2025\/10\/EDITAL-90018-PUBLI.pdf\" target=\"_blank\" rel=\"noreferrer noopener\">EDITAL PE n\u00ba 90018\/2025 &#8211; Aquisi\u00e7\u00e3o de G\u00eaneros Aliment\u00edcios para o Instituto Federal Baiano &#8211; campus Bom Jesus da Lapa (Itens fracassados do Preg\u00e3o n\u00ba 90013\/2025)<\/a>.<\/p>\n\n\n\n<p><a rel=\"noreferrer noopener\" href=\"https:\/\/www.ifbaiano.edu.br\/unidades\/lapa\/files\/2025\/11\/Edital-90021-Aquisicao-de-Camara-fria.pdf\" target=\"_blank\">EDITAL PE n\u00ba 90021\/2025 &#8211; AQUISI\u00c7\u00c3O DE CAMARA FRIA PARA O REFEIT\u00d3RIO DO INSTITUTO FEDERAL BAIANO &#8211; CAMPUS BOM JESUS LAPA.<\/a><\/p>\n\n\n\n<p><a href=\"https:\/\/www.ifbaiano.edu.br\/unidades\/lapa\/files\/2025\/11\/Edital-90020-aquisicao-de-materiais-e-equipamentos-diversos-1.pdf\" target=\"_blank\" rel=\"noreferrer noopener\">EDITAL PE n\u00ba 90020\/2025 &#8211; AQUISI\u00c7\u00c3O DE MATERIAIS E EQUIPAMENTOS DIVERSOS PARA O INSTITUTO FEDERAL BAIANO &#8211; CAMPUS BOM JESUS LAPA.<\/a><\/p>\n","protected":false},"excerpt":{"rendered":"<p>EDITAL PE n\u00ba 90009\/2025 &#8211; CONTRATA\u00c7\u00c3O DE SERVI\u00c7OS DE MAO DE OBRA TERCEIRIZADA PARA O IF BAIANO &#8211; CAMPUS BOM JESUS DA LAPA (CAMPO, MOTORISTA E APOIO PEDAG\u00d3GICO) EDITAL PE n\u00ba 90010\/2025 &#8211; AQUISI\u00c7\u00c3O DE MATERIAIS E UTENS\u00cdLIOS PARA A COORDENA\u00c7\u00c3O DE ASSIST\u00caNCIA ESTUDANTIL DO CAMPUS BOM JESUS DA LAPA. EDITAL PE n\u00ba 90011\/2025 &#8211; [&hellip;]<\/p>\n","protected":false},"author":192,"featured_media":0,"comment_status":"open","ping_status":"open","sticky":false,"template":"","format":"standard","meta":[],"categories":[1],"tags":[],"_links":{"self":[{"href":"https:\/\/www.ifbaiano.edu.br\/unidades\/lapa\/wp-json\/wp\/v2\/posts\/30084"}],"collection":[{"href":"https:\/\/www.ifbaiano.edu.br\/unidades\/lapa\/wp-json\/wp\/v2\/posts"}],"about":[{"href":"https:\/\/www.ifbaiano.edu.br\/unidades\/lapa\/wp-json\/wp\/v2\/types\/post"}],"author":[{"embeddable":true,"href":"https:\/\/www.ifbaiano.edu.br\/unidades\/lapa\/wp-json\/wp\/v2\/users\/192"}],"replies":[{"embeddable":true,"href":"https:\/\/www.ifbaiano.edu.br\/unidades\/lapa\/wp-json\/wp\/v2\/comments?post=30084"}],"version-history":[{"count":7,"href":"https:\/\/www.ifbaiano.edu.br\/unidades\/lapa\/wp-json\/wp\/v2\/posts\/30084\/revisions"}],"predecessor-version":[{"id":30178,"href":"https:\/\/www.ifbaiano.edu.br\/unidades\/lapa\/wp-json\/wp\/v2\/posts\/30084\/revisions\/30178"}],"wp:attachment":[{"href":"https:\/\/www.ifbaiano.edu.br\/unidades\/lapa\/wp-json\/wp\/v2\/media?parent=30084"}],"wp:term":[{"taxonomy":"category","embeddable":true,"href":"https:\/\/www.ifbaiano.edu.br\/unidades\/lapa\/wp-json\/wp\/v2\/categories?post=30084"},{"taxonomy":"post_tag","embeddable":true,"href":"https:\/\/www.ifbaiano.edu.br\/unidades\/lapa\/wp-json\/wp\/v2\/tags?post=30084"}],"curies":[{"name":"wp","href":"https:\/\/api.w.org\/{rel}","templated":true}]}}