{"id":3014,"date":"2015-03-20T18:03:24","date_gmt":"2015-03-20T20:03:24","guid":{"rendered":"http:\/\/www.ifbaiano.edu.br\/unidades\/lapa\/?p=3014"},"modified":"2015-03-23T12:46:56","modified_gmt":"2015-03-23T14:46:56","slug":"lancado-edital-de-especializacao-em-inovacao-social-com-enfase-em-economia-solidaria","status":"publish","type":"post","link":"https:\/\/www.ifbaiano.edu.br\/unidades\/lapa\/2015\/03\/20\/lancado-edital-de-especializacao-em-inovacao-social-com-enfase-em-economia-solidaria\/","title":{"rendered":"Lan\u00e7ado Edital de Especializa\u00e7\u00e3o em Inova\u00e7\u00e3o Social com \u00canfase em Agroecologia e Economia Solid\u00e1ria"},"content":{"rendered":"<p>O Instituto Federal Baiano, Campus Bom Jesus da Lapa, atrav\u00e9s do LAPPRUDES e Pr\u00f3-Reitoria de Pesquisa do IF Baiano, Lan\u00e7a o Edital de Sele\u00e7\u00e3o de alunos para o curso de Especializa\u00e7\u00e3o em Inova\u00e7\u00e3o Social com \u00canfase em Agroecologia e Economia Solid\u00e1ria.<\/p>\n<p><!--more--><\/p>\n<p><a href=\"http:\/\/www.ifbaiano.edu.br\/unidades\/lapa\/files\/2015\/03\/edital_especializacao.pdf\">Acessem aqui o Edital!<\/a><\/p>\n<p>O curso destina-se a portadores de diploma de n\u00edvel superior devidamente reconhecidos e registrados nos \u00f3rg\u00e3os competentes, <strong>com forma\u00e7\u00e3o em quaisquer \u00e1reas do conhecimento<\/strong>, ou estudantes de gradua\u00e7\u00e3o que estejam cursando o \u00faltimo semestre, bem como a profissionais diplomados em n\u00edvel superior que trabalham ou possuem interesse em atuar com Economia Solid\u00e1ria e Agroecologia.<\/p>\n<p>&nbsp;<\/p>\n","protected":false},"excerpt":{"rendered":"<p>O Instituto Federal Baiano, Campus Bom Jesus da Lapa, atrav\u00e9s do LAPPRUDES e Pr\u00f3-Reitoria de Pesquisa do IF Baiano, Lan\u00e7a o Edital de Sele\u00e7\u00e3o de alunos para o curso de Especializa\u00e7\u00e3o em Inova\u00e7\u00e3o Social com \u00canfase em Agroecologia e Economia Solid\u00e1ria.<\/p>\n","protected":false},"author":36,"featured_media":0,"comment_status":"open","ping_status":"open","sticky":false,"template":"","format":"standard","meta":[],"categories":[1],"tags":[],"_links":{"self":[{"href":"https:\/\/www.ifbaiano.edu.br\/unidades\/lapa\/wp-json\/wp\/v2\/posts\/3014"}],"collection":[{"href":"https:\/\/www.ifbaiano.edu.br\/unidades\/lapa\/wp-json\/wp\/v2\/posts"}],"about":[{"href":"https:\/\/www.ifbaiano.edu.br\/unidades\/lapa\/wp-json\/wp\/v2\/types\/post"}],"author":[{"embeddable":true,"href":"https:\/\/www.ifbaiano.edu.br\/unidades\/lapa\/wp-json\/wp\/v2\/users\/36"}],"replies":[{"embeddable":true,"href":"https:\/\/www.ifbaiano.edu.br\/unidades\/lapa\/wp-json\/wp\/v2\/comments?post=3014"}],"version-history":[{"count":4,"href":"https:\/\/www.ifbaiano.edu.br\/unidades\/lapa\/wp-json\/wp\/v2\/posts\/3014\/revisions"}],"predecessor-version":[{"id":3017,"href":"https:\/\/www.ifbaiano.edu.br\/unidades\/lapa\/wp-json\/wp\/v2\/posts\/3014\/revisions\/3017"}],"wp:attachment":[{"href":"https:\/\/www.ifbaiano.edu.br\/unidades\/lapa\/wp-json\/wp\/v2\/media?parent=3014"}],"wp:term":[{"taxonomy":"category","embeddable":true,"href":"https:\/\/www.ifbaiano.edu.br\/unidades\/lapa\/wp-json\/wp\/v2\/categories?post=3014"},{"taxonomy":"post_tag","embeddable":true,"href":"https:\/\/www.ifbaiano.edu.br\/unidades\/lapa\/wp-json\/wp\/v2\/tags?post=3014"}],"curies":[{"name":"wp","href":"https:\/\/api.w.org\/{rel}","templated":true}]}}