{"id":30152,"date":"2025-10-08T18:07:02","date_gmt":"2025-10-08T21:07:02","guid":{"rendered":"https:\/\/www.ifbaiano.edu.br\/unidades\/lapa\/?p=30152"},"modified":"2025-10-08T18:07:03","modified_gmt":"2025-10-08T21:07:03","slug":"aula-inaugural-marca-inicio-do-curso-de-operadora-de-computador-no-if-baiano-campus-bom-jesus-da-lapa","status":"publish","type":"post","link":"https:\/\/www.ifbaiano.edu.br\/unidades\/lapa\/2025\/10\/08\/aula-inaugural-marca-inicio-do-curso-de-operadora-de-computador-no-if-baiano-campus-bom-jesus-da-lapa\/","title":{"rendered":"Aula Inaugural Marca In\u00edcio do Curso de Operadora de Computador no IF Baiano &#8211; Campus Bom Jesus da Lapa"},"content":{"rendered":"\n<hr class=\"wp-block-separator has-alpha-channel-opacity\" \/>\n\n\n\n<p>Aconteceu, na \u00faltima ter\u00e7a-feira (7), a <strong>Aula Inaugural do Curso de Operadora de Computador<\/strong> no <strong>Instituto Federal de Educa\u00e7\u00e3o, Ci\u00eancia e Tecnologia Baiano (IF Baiano) \u2013 Campus Bom Jesus da Lapa<\/strong>.<\/p>\n\n\n\n<p>O curso est\u00e1 diretamente ligado ao <strong>Programa Mulheres Mil<\/strong>, uma iniciativa de \u00e2mbito nacional que visa a <strong>inclus\u00e3o social e o empoderamento feminino<\/strong> por meio da educa\u00e7\u00e3o e da capacita\u00e7\u00e3o profissional. O projeto \u00e9 dedicado a transformar a vida de <strong>mulheres em situa\u00e7\u00e3o de vulnerabilidade social<\/strong>, oferecendo forma\u00e7\u00e3o para inseri-las no mercado de trabalho e fortalecer sua autonomia.<\/p>\n\n\n\n<p>Alinhado aos princ\u00edpios de <strong>equidade de g\u00eanero<\/strong> e <strong>desenvolvimento social<\/strong>, o programa se configura como uma importante ferramenta de transforma\u00e7\u00e3o. A iniciativa busca permitir que as participantes alcancem novas oportunidades e conquistem novos espa\u00e7os no \u00e2mbito profissional.<\/p>\n\n\n\n<p>O evento de abertura contou com a presen\u00e7a de diversas autoridades e servidores do <em>Campus<\/em>. Estiveram presentes o <strong>Diretor Geral Substituto do Campus, Professor Emerson Alves<\/strong>, a <strong>Coordenadora Adjunta do Programa Mulheres Mil, Assistente Social Cyntia Gusm\u00e3o<\/strong>, o <strong>Servidor T\u00e9cnico Administrativo Jorge Abdon<\/strong>, al\u00e9m dos <strong>Professores Formadores<\/strong>: Naasoon Mesquita, Carla Neves, Welison Batista, Giovanna Nascimento e Ailton Gabriel.<\/p>\n\n\n\n<p>Fonte: N\u00facleo de Comunica\u00e7\u00e3o e Eventos (NCE) &#8211; <em>Campus <\/em>Bom Jesus da Lapa.<\/p>\n\n\n\n<hr class=\"wp-block-separator has-alpha-channel-opacity\" \/>\n\n\n\n<figure class=\"wp-block-gallery has-nested-images columns-default is-cropped wp-block-gallery-1 is-layout-flex\">\n<figure class=\"wp-block-image size-large\"><img decoding=\"async\" data-id=\"30153\"  src=\"https:\/\/www.ifbaiano.edu.br\/unidades\/lapa\/files\/2025\/10\/7396-WhatsApp-Image-2025-10-08-at-07.47.12-1-1024x768.webp\" alt=\"\" class=\"wp-image-30153\" \/><\/figure>\n\n\n\n<figure class=\"wp-block-image size-large\"><img decoding=\"async\" loading=\"lazy\" width=\"1024\" height=\"768\" data-id=\"30155\"  src=\"https:\/\/www.ifbaiano.edu.br\/unidades\/lapa\/files\/2025\/10\/7396-WhatsApp-Image-2025-10-08-at-07.47.12-1024x768.webp\" alt=\"\" class=\"wp-image-30155\" srcset=\"https:\/\/www.ifbaiano.edu.br\/unidades\/lapa\/files\/2025\/10\/7396-WhatsApp-Image-2025-10-08-at-07.47.12-1024x768.webp 1024w, https:\/\/www.ifbaiano.edu.br\/unidades\/lapa\/files\/2025\/10\/7396-WhatsApp-Image-2025-10-08-at-07.47.12-300x225.webp 300w, https:\/\/www.ifbaiano.edu.br\/unidades\/lapa\/files\/2025\/10\/7396-WhatsApp-Image-2025-10-08-at-07.47.12-768x576.webp 768w, https:\/\/www.ifbaiano.edu.br\/unidades\/lapa\/files\/2025\/10\/7396-WhatsApp-Image-2025-10-08-at-07.47.12-100x75.webp 100w, https:\/\/www.ifbaiano.edu.br\/unidades\/lapa\/files\/2025\/10\/7396-WhatsApp-Image-2025-10-08-at-07.47.12.webp 1440w\" sizes=\"(max-width: 1024px) 100vw, 1024px\" \/><\/figure>\n\n\n\n<figure class=\"wp-block-image size-large\"><img decoding=\"async\" loading=\"lazy\" width=\"1024\" height=\"768\" data-id=\"30154\"  src=\"https:\/\/www.ifbaiano.edu.br\/unidades\/lapa\/files\/2025\/10\/7396-WhatsApp-Image-2025-10-08-at-07.47.13-1-1024x768.webp\" alt=\"\" class=\"wp-image-30154\" srcset=\"https:\/\/www.ifbaiano.edu.br\/unidades\/lapa\/files\/2025\/10\/7396-WhatsApp-Image-2025-10-08-at-07.47.13-1-1024x768.webp 1024w, https:\/\/www.ifbaiano.edu.br\/unidades\/lapa\/files\/2025\/10\/7396-WhatsApp-Image-2025-10-08-at-07.47.13-1-300x225.webp 300w, https:\/\/www.ifbaiano.edu.br\/unidades\/lapa\/files\/2025\/10\/7396-WhatsApp-Image-2025-10-08-at-07.47.13-1-768x576.webp 768w, https:\/\/www.ifbaiano.edu.br\/unidades\/lapa\/files\/2025\/10\/7396-WhatsApp-Image-2025-10-08-at-07.47.13-1-100x75.webp 100w, https:\/\/www.ifbaiano.edu.br\/unidades\/lapa\/files\/2025\/10\/7396-WhatsApp-Image-2025-10-08-at-07.47.13-1.webp 1440w\" sizes=\"(max-width: 1024px) 100vw, 1024px\" \/><\/figure>\n\n\n\n<figure class=\"wp-block-image size-large\"><img decoding=\"async\" loading=\"lazy\" width=\"1024\" height=\"768\" data-id=\"30156\"  src=\"https:\/\/www.ifbaiano.edu.br\/unidades\/lapa\/files\/2025\/10\/7396-WhatsApp-Image-2025-10-08-at-07.47.13-1024x768.webp\" alt=\"\" class=\"wp-image-30156\" srcset=\"https:\/\/www.ifbaiano.edu.br\/unidades\/lapa\/files\/2025\/10\/7396-WhatsApp-Image-2025-10-08-at-07.47.13-1024x768.webp 1024w, https:\/\/www.ifbaiano.edu.br\/unidades\/lapa\/files\/2025\/10\/7396-WhatsApp-Image-2025-10-08-at-07.47.13-300x225.webp 300w, https:\/\/www.ifbaiano.edu.br\/unidades\/lapa\/files\/2025\/10\/7396-WhatsApp-Image-2025-10-08-at-07.47.13-768x576.webp 768w, https:\/\/www.ifbaiano.edu.br\/unidades\/lapa\/files\/2025\/10\/7396-WhatsApp-Image-2025-10-08-at-07.47.13-100x75.webp 100w, https:\/\/www.ifbaiano.edu.br\/unidades\/lapa\/files\/2025\/10\/7396-WhatsApp-Image-2025-10-08-at-07.47.13.webp 1440w\" sizes=\"(max-width: 1024px) 100vw, 1024px\" \/><\/figure>\n<\/figure>\n","protected":false},"excerpt":{"rendered":"<p>Aconteceu, na \u00faltima ter\u00e7a-feira (7), a Aula Inaugural do Curso de Operadora de Computador no Instituto Federal de Educa\u00e7\u00e3o, Ci\u00eancia e Tecnologia Baiano (IF Baiano) \u2013 Campus Bom Jesus da Lapa. O curso est\u00e1 diretamente ligado ao Programa Mulheres Mil, uma iniciativa de \u00e2mbito nacional que visa a inclus\u00e3o social e o empoderamento feminino por [&hellip;]<\/p>\n","protected":false},"author":192,"featured_media":30153,"comment_status":"open","ping_status":"open","sticky":false,"template":"","format":"standard","meta":[],"categories":[115,64,1,65],"tags":[],"_links":{"self":[{"href":"https:\/\/www.ifbaiano.edu.br\/unidades\/lapa\/wp-json\/wp\/v2\/posts\/30152"}],"collection":[{"href":"https:\/\/www.ifbaiano.edu.br\/unidades\/lapa\/wp-json\/wp\/v2\/posts"}],"about":[{"href":"https:\/\/www.ifbaiano.edu.br\/unidades\/lapa\/wp-json\/wp\/v2\/types\/post"}],"author":[{"embeddable":true,"href":"https:\/\/www.ifbaiano.edu.br\/unidades\/lapa\/wp-json\/wp\/v2\/users\/192"}],"replies":[{"embeddable":true,"href":"https:\/\/www.ifbaiano.edu.br\/unidades\/lapa\/wp-json\/wp\/v2\/comments?post=30152"}],"version-history":[{"count":1,"href":"https:\/\/www.ifbaiano.edu.br\/unidades\/lapa\/wp-json\/wp\/v2\/posts\/30152\/revisions"}],"predecessor-version":[{"id":30157,"href":"https:\/\/www.ifbaiano.edu.br\/unidades\/lapa\/wp-json\/wp\/v2\/posts\/30152\/revisions\/30157"}],"wp:featuredmedia":[{"embeddable":true,"href":"https:\/\/www.ifbaiano.edu.br\/unidades\/lapa\/wp-json\/wp\/v2\/media\/30153"}],"wp:attachment":[{"href":"https:\/\/www.ifbaiano.edu.br\/unidades\/lapa\/wp-json\/wp\/v2\/media?parent=30152"}],"wp:term":[{"taxonomy":"category","embeddable":true,"href":"https:\/\/www.ifbaiano.edu.br\/unidades\/lapa\/wp-json\/wp\/v2\/categories?post=30152"},{"taxonomy":"post_tag","embeddable":true,"href":"https:\/\/www.ifbaiano.edu.br\/unidades\/lapa\/wp-json\/wp\/v2\/tags?post=30152"}],"curies":[{"name":"wp","href":"https:\/\/api.w.org\/{rel}","templated":true}]}}