{"id":30164,"date":"2025-10-30T15:32:23","date_gmt":"2025-10-30T18:32:23","guid":{"rendered":"https:\/\/www.ifbaiano.edu.br\/unidades\/lapa\/?p=30164"},"modified":"2025-10-30T15:32:24","modified_gmt":"2025-10-30T18:32:24","slug":"chamada-publica-paa-6","status":"publish","type":"post","link":"https:\/\/www.ifbaiano.edu.br\/unidades\/lapa\/2025\/10\/30\/chamada-publica-paa-6\/","title":{"rendered":"Chamada P\u00fablica PAA"},"content":{"rendered":"\n<div class=\"wp-block-columns is-layout-flex wp-container-2\">\n<div class=\"wp-block-column is-layout-flow\" style=\"flex-basis:100%\"><div class=\"wp-block-image\">\n<figure class=\"aligncenter size-full\"><img decoding=\"async\" loading=\"lazy\" width=\"531\" height=\"296\" src=\"https:\/\/www.ifbaiano.edu.br\/unidades\/lapa\/files\/2025\/10\/6713-image.webp\" alt=\"\" class=\"wp-image-30165\" srcset=\"https:\/\/www.ifbaiano.edu.br\/unidades\/lapa\/files\/2025\/10\/6713-image.webp 531w, https:\/\/www.ifbaiano.edu.br\/unidades\/lapa\/files\/2025\/10\/6713-image-300x167.webp 300w, https:\/\/www.ifbaiano.edu.br\/unidades\/lapa\/files\/2025\/10\/6713-image-100x56.webp 100w\" sizes=\"(max-width: 531px) 100vw, 531px\" \/><\/figure><\/div><\/div>\n<\/div>\n\n\n\n<div class=\"wp-block-columns is-layout-flex wp-container-9\">\n<div class=\"wp-block-column is-layout-flow\" style=\"flex-basis:100%\">\n<div class=\"wp-block-group is-layout-constrained\"><div class=\"wp-block-group__inner-container\">\n<div class=\"wp-block-columns is-layout-flex wp-container-6\">\n<div class=\"wp-block-column is-layout-flow\" style=\"flex-basis:100%\">\n<div class=\"wp-block-columns is-layout-flex wp-container-4\">\n<div class=\"wp-block-column is-layout-flow\" style=\"flex-basis:100%\">\n<pre class=\"wp-block-code\"><code><p class=\"has-text-align-center has-medium-font-size\" style=\"text-align: justify\">    O Instituto Federal Baiano \u2013 Campus Bom Jesus da Lapa torna p\u00fablico, para conhecimento dos interessados, que realizar\u00e1 a Chamada P\u00fablica n\u00ba 02\/2025. Objeto: <strong>Aquisi\u00e7\u00e3o de g\u00eaneros aliment\u00edcios da agricultura familiar<\/strong> para atendimento ao <strong>Programa de Aquisi\u00e7\u00e3o de Alimentos \u2013 PAA<\/strong>, conforme as pe\u00e7as t\u00e9cnicas constantes no Instrumento Convocat\u00f3rio e seus anexos, partes integrantes desta Chamada P\u00fablica. O Edital encontra-se dispon\u00edvel na sede do Campus e no s\u00edtio <strong><a href=\"https:\/\/www.ifbaiano.edu.br\/unidades\/lapa\/\" target=\"_blank\" rel=\"noreferrer noopener\">https:\/\/www.ifbaiano.edu.br\/unidades\/lapa\/<\/a><\/strong>. \n\nSess\u00e3o de abertura:<\/p><ul><li><strong style=\"text-transform: uppercase\">Data:<\/strong> <u>25\/11\/2025<\/u>;<strong style=\"text-transform: uppercase\">Hor\u00e1rio:<\/strong> <u>\u00e0s 8h30 (Hor\u00e1rio Local<\/u>);<strong style=\"text-transform: uppercase\">Local:<\/strong> <u>Instituto Federal Baiano \u2013 Campus Bom Jesus da Lapa, localizado na BR 349, Km 14, Rodovia Bom Jesus da Lapa X Santa Maria da Vit\u00f3ria \u2013 Bahia<\/u>.\n<\/li><\/ul><\/code><\/pre>\n<\/div>\n<\/div>\n<\/div>\n<\/div>\n<\/div><\/div>\n<\/div>\n<\/div>\n\n\n\n<p>Segue em anexo Editais e Formul\u00e1rios:<\/p>\n\n\n\n<p><a href=\"https:\/\/www.ifbaiano.edu.br\/unidades\/lapa\/files\/2025\/10\/ANEXO-I-PROJETO-BASICO.pdf\" target=\"_blank\" rel=\"noreferrer noopener\">ANEXO I \u2013 Projeto B\u00e1sico<\/a><\/p>\n\n\n\n<p><a rel=\"noreferrer noopener\" href=\"https:\/\/www.ifbaiano.edu.br\/unidades\/lapa\/files\/2025\/10\/ANEXO-II-A-IV.pdf\" target=\"_blank\">ANEXO II a I<\/a><a rel=\"noreferrer noopener\" href=\"https:\/\/www.ifbaiano.edu.br\/unidades\/lapa\/files\/2025\/10\/ANEXO-II-A-IV.pdf\" target=\"_blank\">V<\/a><\/p>\n\n\n\n<p><a href=\"https:\/\/www.ifbaiano.edu.br\/unidades\/lapa\/files\/2025\/10\/ANEXO-V-Minuta-de-Contrato.pdf\" target=\"_blank\" rel=\"noreferrer noopener\">ANEXOS V -Minuta de contrato<\/a><\/p>\n\n\n\n<p><a href=\"https:\/\/www.ifbaiano.edu.br\/unidades\/lapa\/files\/2025\/10\/EDITAL-PAA.pdf\" target=\"_blank\" rel=\"noreferrer noopener\">EDITAL PAA 2025<\/a><\/p>\n","protected":false},"excerpt":{"rendered":"<p>Segue em anexo Editais e Formul\u00e1rios: ANEXO I \u2013 Projeto B\u00e1sico ANEXO II a IV ANEXOS V -Minuta de contrato EDITAL PAA 2025<\/p>\n","protected":false},"author":192,"featured_media":30165,"comment_status":"open","ping_status":"open","sticky":false,"template":"","format":"standard","meta":[],"categories":[115,64,24,65],"tags":[],"_links":{"self":[{"href":"https:\/\/www.ifbaiano.edu.br\/unidades\/lapa\/wp-json\/wp\/v2\/posts\/30164"}],"collection":[{"href":"https:\/\/www.ifbaiano.edu.br\/unidades\/lapa\/wp-json\/wp\/v2\/posts"}],"about":[{"href":"https:\/\/www.ifbaiano.edu.br\/unidades\/lapa\/wp-json\/wp\/v2\/types\/post"}],"author":[{"embeddable":true,"href":"https:\/\/www.ifbaiano.edu.br\/unidades\/lapa\/wp-json\/wp\/v2\/users\/192"}],"replies":[{"embeddable":true,"href":"https:\/\/www.ifbaiano.edu.br\/unidades\/lapa\/wp-json\/wp\/v2\/comments?post=30164"}],"version-history":[{"count":3,"href":"https:\/\/www.ifbaiano.edu.br\/unidades\/lapa\/wp-json\/wp\/v2\/posts\/30164\/revisions"}],"predecessor-version":[{"id":30172,"href":"https:\/\/www.ifbaiano.edu.br\/unidades\/lapa\/wp-json\/wp\/v2\/posts\/30164\/revisions\/30172"}],"wp:featuredmedia":[{"embeddable":true,"href":"https:\/\/www.ifbaiano.edu.br\/unidades\/lapa\/wp-json\/wp\/v2\/media\/30165"}],"wp:attachment":[{"href":"https:\/\/www.ifbaiano.edu.br\/unidades\/lapa\/wp-json\/wp\/v2\/media?parent=30164"}],"wp:term":[{"taxonomy":"category","embeddable":true,"href":"https:\/\/www.ifbaiano.edu.br\/unidades\/lapa\/wp-json\/wp\/v2\/categories?post=30164"},{"taxonomy":"post_tag","embeddable":true,"href":"https:\/\/www.ifbaiano.edu.br\/unidades\/lapa\/wp-json\/wp\/v2\/tags?post=30164"}],"curies":[{"name":"wp","href":"https:\/\/api.w.org\/{rel}","templated":true}]}}