{"id":30389,"date":"2026-03-06T14:30:16","date_gmt":"2026-03-06T17:30:16","guid":{"rendered":"https:\/\/www.ifbaiano.edu.br\/unidades\/lapa\/?p=30389"},"modified":"2026-03-24T13:34:59","modified_gmt":"2026-03-24T16:34:59","slug":"if-baiano-campus-bom-jesus-da-lapa-promove-oficina-de-elaboracao-de-projetos-de-extensao-para-discentes","status":"publish","type":"post","link":"https:\/\/www.ifbaiano.edu.br\/unidades\/lapa\/2026\/03\/06\/if-baiano-campus-bom-jesus-da-lapa-promove-oficina-de-elaboracao-de-projetos-de-extensao-para-discentes\/","title":{"rendered":"IF Baiano &#8211; Campus Bom Jesus da Lapa promove oficina de elabora\u00e7\u00e3o de projetos de extens\u00e3o para discentes."},"content":{"rendered":"\n<p>O Instituto Federal Baiano (IF Baiano) \u2013 Campus Bom Jesus da Lapa promover\u00e1, no dia 13 de mar\u00e7o de 2026, \u00e0s 13h30, uma <strong>Oficina de Elabora\u00e7\u00e3o de Projetos de Extens\u00e3o<\/strong>.<\/p>\n\n\n\n<p>A atividade \u00e9 destinada aos discentes interessados em desenvolver propostas extensionistas e participar dos editais do <strong>Programa de Inicia\u00e7\u00e3o \u00e0 Extens\u00e3o<\/strong>, atualmente abertos para submiss\u00e3o de projetos.<\/p>\n\n\n\n<p>Durante a oficina, ser\u00e3o apresentados orienta\u00e7\u00f5es e aspectos t\u00e9cnicos para a estrutura\u00e7\u00e3o adequada de projetos de extens\u00e3o, com o objetivo de apoiar os estudantes na elabora\u00e7\u00e3o de propostas alinhadas \u00e0s exig\u00eancias dos editais e fortalecer a participa\u00e7\u00e3o da comunidade acad\u00eamica nas a\u00e7\u00f5es extensionistas.<\/p>\n\n\n\n<p>A iniciativa busca estimular o protagonismo estudantil e ampliar o desenvolvimento de projetos que promovam a intera\u00e7\u00e3o entre o IF Baiano e a comunidade.<\/p>\n\n\n\n<figure class=\"wp-block-image size-large\"><img decoding=\"async\" loading=\"lazy\" width=\"1024\" height=\"1024\" src=\"https:\/\/www.ifbaiano.edu.br\/unidades\/lapa\/files\/2026\/03\/8122-WhatsApp-Image-2026-03-06-at-13.00.07-1024x1024.webp\" alt=\"\" class=\"wp-image-30390\" srcset=\"https:\/\/www.ifbaiano.edu.br\/unidades\/lapa\/files\/2026\/03\/8122-WhatsApp-Image-2026-03-06-at-13.00.07-1024x1024.webp 1024w, https:\/\/www.ifbaiano.edu.br\/unidades\/lapa\/files\/2026\/03\/8122-WhatsApp-Image-2026-03-06-at-13.00.07-300x300.webp 300w, https:\/\/www.ifbaiano.edu.br\/unidades\/lapa\/files\/2026\/03\/8122-WhatsApp-Image-2026-03-06-at-13.00.07-150x150.webp 150w, https:\/\/www.ifbaiano.edu.br\/unidades\/lapa\/files\/2026\/03\/8122-WhatsApp-Image-2026-03-06-at-13.00.07-768x768.webp 768w, https:\/\/www.ifbaiano.edu.br\/unidades\/lapa\/files\/2026\/03\/8122-WhatsApp-Image-2026-03-06-at-13.00.07-100x100.webp 100w, https:\/\/www.ifbaiano.edu.br\/unidades\/lapa\/files\/2026\/03\/8122-WhatsApp-Image-2026-03-06-at-13.00.07.webp 1080w\" sizes=\"(max-width: 1024px) 100vw, 1024px\" \/><\/figure>\n","protected":false},"excerpt":{"rendered":"<p>O Instituto Federal Baiano (IF Baiano) \u2013 Campus Bom Jesus da Lapa promover\u00e1, no dia 13 de mar\u00e7o de 2026, \u00e0s 13h30, uma Oficina de Elabora\u00e7\u00e3o de Projetos de Extens\u00e3o. A atividade \u00e9 destinada aos discentes interessados em desenvolver propostas extensionistas e participar dos editais do Programa de Inicia\u00e7\u00e3o \u00e0 Extens\u00e3o, atualmente abertos para submiss\u00e3o [&hellip;]<\/p>\n","protected":false},"author":192,"featured_media":30390,"comment_status":"open","ping_status":"open","sticky":false,"template":"","format":"standard","meta":[],"categories":[1],"tags":[],"_links":{"self":[{"href":"https:\/\/www.ifbaiano.edu.br\/unidades\/lapa\/wp-json\/wp\/v2\/posts\/30389"}],"collection":[{"href":"https:\/\/www.ifbaiano.edu.br\/unidades\/lapa\/wp-json\/wp\/v2\/posts"}],"about":[{"href":"https:\/\/www.ifbaiano.edu.br\/unidades\/lapa\/wp-json\/wp\/v2\/types\/post"}],"author":[{"embeddable":true,"href":"https:\/\/www.ifbaiano.edu.br\/unidades\/lapa\/wp-json\/wp\/v2\/users\/192"}],"replies":[{"embeddable":true,"href":"https:\/\/www.ifbaiano.edu.br\/unidades\/lapa\/wp-json\/wp\/v2\/comments?post=30389"}],"version-history":[{"count":1,"href":"https:\/\/www.ifbaiano.edu.br\/unidades\/lapa\/wp-json\/wp\/v2\/posts\/30389\/revisions"}],"predecessor-version":[{"id":30391,"href":"https:\/\/www.ifbaiano.edu.br\/unidades\/lapa\/wp-json\/wp\/v2\/posts\/30389\/revisions\/30391"}],"wp:featuredmedia":[{"embeddable":true,"href":"https:\/\/www.ifbaiano.edu.br\/unidades\/lapa\/wp-json\/wp\/v2\/media\/30390"}],"wp:attachment":[{"href":"https:\/\/www.ifbaiano.edu.br\/unidades\/lapa\/wp-json\/wp\/v2\/media?parent=30389"}],"wp:term":[{"taxonomy":"category","embeddable":true,"href":"https:\/\/www.ifbaiano.edu.br\/unidades\/lapa\/wp-json\/wp\/v2\/categories?post=30389"},{"taxonomy":"post_tag","embeddable":true,"href":"https:\/\/www.ifbaiano.edu.br\/unidades\/lapa\/wp-json\/wp\/v2\/tags?post=30389"}],"curies":[{"name":"wp","href":"https:\/\/api.w.org\/{rel}","templated":true}]}}