{"id":30403,"date":"2026-03-11T19:24:01","date_gmt":"2026-03-11T22:24:01","guid":{"rendered":"https:\/\/www.ifbaiano.edu.br\/unidades\/lapa\/?p=30403"},"modified":"2026-04-01T11:32:18","modified_gmt":"2026-04-01T14:32:18","slug":"edital-no-17-2026-vagas-ociosas-cursos-subsequentes-presenciais","status":"publish","type":"post","link":"https:\/\/www.ifbaiano.edu.br\/unidades\/lapa\/2026\/03\/11\/edital-no-17-2026-vagas-ociosas-cursos-subsequentes-presenciais\/","title":{"rendered":"Edital n\u00ba 17\/2026 &#8211; Vagas Ociosas Cursos Subsequentes Presenciais."},"content":{"rendered":"\n<div class=\"wp-block-columns is-layout-flex wp-container-3\">\n<div class=\"wp-block-column is-layout-flow\">\n<h2 id=\"ProreitoriaMeioDireitaTitulo\" style=\"color:#00510f;text-transform:uppercase;border-top: 3px solid #00510F\" class=\"has-inline-color\">\n    Apresenta\u00e7\u00e3o\n<\/h2>\n<p>\n\nO DIRETOR-GERAL SUBSTITUTO DO INSTITUTO FEDERAL DE EDUCA\u00c7\u00c3O, CI\u00caNCIA E TECNOLOGIA\nBAIANO &#8211; CAMPUS BOM JESUS DA LAPA, no uso de suas atribui\u00e7\u00f5es legais conferidas pela Portaria n\u00ba\n1158\/2020 &#8211; RET-GAB\/RET\/IFBAIANO, de 04\/11\/2020, publicada no Bole5m de Servi\u00e7o Interno n\u00ba 11, de\n30\/11\/2020, p\u00e1gina 298, e de acordo com as disposi\u00e7\u00f5es con5das na Lei N\u00ba11.892, de 29 de dezembro de 2008,\nem conformidade com a Lei N\u00b0 9.394, de 20 de dezembro de 1996, e suas altera\u00e7\u00f5es e, ainda, considerando\na Resolu\u00e7\u00e3o do Conselho Pleno do Conselho Nacional de Educa\u00e7\u00e3o (CNE\/CP) N\u00ba 04, de 17 de dezembro de 2018;\no Decreto n\u00ba 11.016, de 29 de mar\u00e7o de 2022; o Decreto N\u00ba 3.298, de 20 de dezembro de 1999; a Lei N\u00ba12.764, de 27 de dezembro de 2012; a Lei N\u00ba 12.711, de 29 de agosto de 2012, e suas regulamenta\u00e7\u00f5es; a Lei N\u00ba10.741, de 1\u00ba de outubro de 2003; a Lei N\u00ba 13.409, de 28 de dezembro de 2016; o Decreto N\u00ba 7.824, de 11 de\noutubro de 2012; a Portaria do Minist\u00e9rio da Educa\u00e7\u00e3o (MEC) N\u00ba 18 , de 11 de outubro de 2012, e suas altera\u00e7\u00f5es,\nobservando o disposto na Resolu\u00e7\u00e3o N\u00ba 153\/2021-OS-CONSUP\/IFBAIANO, de 18 de agosto de 2021, na Instru\u00e7\u00e3oNorma5va 67\/2023 &#8211; RET-GAB\/RET\/IFBAIANO, de 13 de setembro de 2023, na Portaria Norma5va 19\/2023 -RET-GAB\/RET\/IFBAIANO, de 21 de setembro de 2023 e na legisla\u00e7\u00e3o concernente, torna p\u00fablica a abertura de\ninscri\u00e7\u00f5es para vagas remanescentes oriundas do processo de ingresso de estudantes em 2026, nos cursos da\nEduca\u00e7\u00e3o Profissional T\u00e9cnica de N\u00edvel M\u00e9dio, na forma Subsequente ao Ensino M\u00e9dio &#8211; na modalidade presencial,\npara o Campus Bom Jesus da Lapa, por meio de Manifesta\u00e7\u00e3o de Interesse na Vaga.\n<\/p>\n<\/div>\n\n\n\n<div class=\"wp-block-column is-layout-flow\">\n<h2 id=\"ProreitoriaMeioDireitaTitulo\" style=\"color:#00510f;text-transform:uppercase;border-top: 3px solid #00510F\" class=\"has-inline-color\">\n\tInscri\u00e7\u00f5es\n<\/h2>\n\n<p> <strong> De 13\/03\/2026 a 16\/03\/2026.<\/strong> das 08h \u00e0s\n12h, por ordem\nde chegada.<\/p>\n\n<br>\n<br>\n<br>\n<br>\n<br>\n\n\n<br>\n<br>\n<br>\n<br>\n<br>\n\n\n<h2 id=\"ProreitoriaMeioDireitaTitulo\" style=\"color:#00510f;text-transform:uppercase;border-top: 3px solid #00510F\" class=\"has-inline-color\">\n\tInterposi\u00e7\u00e3o de Recurso ao Edital\n<\/h2>\n<p> Prazo: 12\/03\/2026. Pelo contato: prosel.sisu@lapa.ifbaiano.edu.br<\/p>\n\n\n\n\n<br><br>\n<\/div>\n<\/div>\n\n\n\n<div class=\"wp-block-columns is-layout-flex wp-container-6\">\n<div class=\"wp-block-column is-layout-flow\">\n<h2 id=\"ProreitoriaMeioDireitaTitulo\" style=\"color:#00510f;text-transform:uppercase;border-top: 3px solid #00510F\" class=\"has-inline-color\">Editais e Documentos<\/h2>\n\n<div class=\"wp-block-file\">\n    \n    \n    <a href=\"https:\/\/www.ifbaiano.edu.br\/unidades\/lapa\/files\/2026\/04\/PUBLICACAO-DA-LISTA-FINAL-DE-MATRICULADOS-MANIFESTACAO-DE-INTERESSE-PRESENCIAL.pdf\">\n         PUBLICA\u00c7\u00c3O DA LISTA FINAL DE MATRICULADOS &#8211; MANIFESTA\u00c7\u00c3O DE INTERESSE PRESENCIAL.  &#8211; Publicado em 01\/04\/2026.\n    <\/a> <br><br>\n\n    <a href=\"https:\/\/www.ifbaiano.edu.br\/unidades\/lapa\/files\/2026\/04\/RECURSOS-REFERENTE-A-LISTA-DE-MATRICULADOS.pdf\">\n         RECURSOS REFERENTE A LISTA DE MATRICULADOS  &#8211; Publicado em 01\/04\/2026.\n    <\/a> <br><br>\n    \n    <a href=\"https:\/\/www.ifbaiano.edu.br\/unidades\/lapa\/files\/2026\/03\/PUBLICACAO-DA-LISTA-DE-MATRICULADOS-MANIFESTACAO-DE-INTERESSE-PRESENCIAL.pdf\">\n        Lista de matriculados &#8211; Publicado em 31\/03\/2026.\n    <\/a> <br><br>\n    \n    <a href=\"https:\/\/www.ifbaiano.edu.br\/unidades\/lapa\/files\/2026\/03\/edital-17-2025-atualizado-retif-1-e-2.pdf\">\n        Edital 17\/2026 atualizado &#8211; Publicado em 20\/03\/2026.\n    <\/a> <br><br>\n    \n    <a href=\"https:\/\/www.ifbaiano.edu.br\/unidades\/lapa\/files\/2026\/03\/retificacao-2-edital-17-2025.pdf\">\n        Retifica\u00e7\u00e3o n\u00ba 2 &#8211; Publicado em 20\/03\/2026.\n    <\/a> <br><br>\n    \n    <a href=\"https:\/\/www.ifbaiano.edu.br\/unidades\/lapa\/files\/2026\/03\/Edital-de-Retificacao-n-21-2026.pdf\">\n        Retifica\u00e7\u00e3o n\u00ba 1 &#8211; Publicado em 18\/03\/2026.\n    <\/a> <br><br>\n\n    <a href=\"https:\/\/www.ifbaiano.edu.br\/unidades\/lapa\/files\/2026\/03\/Retificacao-n-1-Edital-21-2026.pdf\">\n        Edital 17\/2026 atualizado conforme retifica\u00e7\u00e3o n1 &#8211; Publicado em 13\/03\/2026.\n    <\/a> <br><br>\n    \n    <a href=\"https:\/\/www.ifbaiano.edu.br\/unidades\/lapa\/files\/2026\/03\/ANEXO-III-Formulario-de-Interposicao-de-Recursos.pdf\">\n        Anexo III: Formul\u00e1rio de Interposi\u00e7\u00e3o de Recursos &#8211; Publicado em 13\/03\/2026.\n    <\/a> <br><br>\n    \n    <a href=\"https:\/\/www.ifbaiano.edu.br\/unidades\/lapa\/files\/2026\/03\/ANEXO-II-Formulario-de-Manifestacao-de-Interesse.pdf\">\n        Aneo II: Formul\u00e1rio de Manifesta\u00e7\u00e3o de Interesse &#8211; Publicado em 13\/03\/2026.\n    <\/a> <br><br>\n    \n    <a href=\"https:\/\/www.ifbaiano.edu.br\/unidades\/lapa\/files\/2026\/03\/ANEXO-I-QUADRO-DE-VAGAS-REMANESCENTES.pdf\">\n        Anexo I: QUADRO DE VAGAS REMANESCENTES &#8211; Publicado em 13\/03\/2026.\n    <\/a> <br><br>\n    \n    <a href=\"https:\/\/www.ifbaiano.edu.br\/unidades\/lapa\/files\/2026\/03\/Edital-no-17-de-2026-de-11-de-marco-de-2026-VAGAS-REMANESCENTES.pdf\">\n        Edital 17\/2026 &#8211; Publicado em 11\/03\/2026.\n    <\/a> <br><br>\n\n\n<\/div>\n<\/div>\n\n\n\n<div class=\"wp-block-column is-layout-flow\">\n<h2 id=\"ProreitoriaMeioDireitaTitulo\" style=\"color:#00510f;text-transform:uppercase;border-top: 3px solid #00510F\" class=\"has-inline-color\">\n\tContato\n<\/h2>\n<p><b>prosel.sisu@lapa.ifbaiano.edu.br<\/b><\/p>\n<\/div>\n<\/div>\n\n\n\n<p><\/p>\n","protected":false},"excerpt":{"rendered":"<p>Apresenta\u00e7\u00e3o O DIRETOR-GERAL SUBSTITUTO DO INSTITUTO FEDERAL DE EDUCA\u00c7\u00c3O, CI\u00caNCIA E TECNOLOGIA BAIANO &#8211; CAMPUS BOM JESUS DA LAPA, no uso de suas atribui\u00e7\u00f5es legais conferidas pela Portaria n\u00ba 1158\/2020 &#8211; RET-GAB\/RET\/IFBAIANO, de 04\/11\/2020, publicada no Bole5m de Servi\u00e7o Interno n\u00ba 11, de 30\/11\/2020, p\u00e1gina 298, e de acordo com as disposi\u00e7\u00f5es con5das na Lei [&hellip;]<\/p>\n","protected":false},"author":192,"featured_media":0,"comment_status":"open","ping_status":"open","sticky":false,"template":"","format":"standard","meta":[],"categories":[1],"tags":[],"_links":{"self":[{"href":"https:\/\/www.ifbaiano.edu.br\/unidades\/lapa\/wp-json\/wp\/v2\/posts\/30403"}],"collection":[{"href":"https:\/\/www.ifbaiano.edu.br\/unidades\/lapa\/wp-json\/wp\/v2\/posts"}],"about":[{"href":"https:\/\/www.ifbaiano.edu.br\/unidades\/lapa\/wp-json\/wp\/v2\/types\/post"}],"author":[{"embeddable":true,"href":"https:\/\/www.ifbaiano.edu.br\/unidades\/lapa\/wp-json\/wp\/v2\/users\/192"}],"replies":[{"embeddable":true,"href":"https:\/\/www.ifbaiano.edu.br\/unidades\/lapa\/wp-json\/wp\/v2\/comments?post=30403"}],"version-history":[{"count":10,"href":"https:\/\/www.ifbaiano.edu.br\/unidades\/lapa\/wp-json\/wp\/v2\/posts\/30403\/revisions"}],"predecessor-version":[{"id":30505,"href":"https:\/\/www.ifbaiano.edu.br\/unidades\/lapa\/wp-json\/wp\/v2\/posts\/30403\/revisions\/30505"}],"wp:attachment":[{"href":"https:\/\/www.ifbaiano.edu.br\/unidades\/lapa\/wp-json\/wp\/v2\/media?parent=30403"}],"wp:term":[{"taxonomy":"category","embeddable":true,"href":"https:\/\/www.ifbaiano.edu.br\/unidades\/lapa\/wp-json\/wp\/v2\/categories?post=30403"},{"taxonomy":"post_tag","embeddable":true,"href":"https:\/\/www.ifbaiano.edu.br\/unidades\/lapa\/wp-json\/wp\/v2\/tags?post=30403"}],"curies":[{"name":"wp","href":"https:\/\/api.w.org\/{rel}","templated":true}]}}