{"id":30425,"date":"2026-03-13T16:03:44","date_gmt":"2026-03-13T19:03:44","guid":{"rendered":"https:\/\/www.ifbaiano.edu.br\/unidades\/lapa\/?p=30425"},"modified":"2026-04-15T09:50:30","modified_gmt":"2026-04-15T12:50:30","slug":"edital-n-20-2026-monitoria-integrado","status":"publish","type":"post","link":"https:\/\/www.ifbaiano.edu.br\/unidades\/lapa\/2026\/03\/13\/edital-n-20-2026-monitoria-integrado\/","title":{"rendered":"Edital n\u00b0 20\/2026 &#8211; Monitoria Integrado"},"content":{"rendered":"\n<div class=\"wp-block-columns is-layout-flex wp-container-3\">\n<div class=\"wp-block-column is-layout-flow\">\n<h2 id=\"ProreitoriaMeioDireitaTitulo\" style=\"color:#00510f;text-transform:uppercase;border-top: 3px solid #00510F\" class=\"has-inline-color\">\n    Apresenta\u00e7\u00e3o\n<\/h2>\n<p>\n    O DIRETOR-GERAL SUBSTITUTO DO INSTITUTO FEDERAL DE EDUCA\u00c7\u00c3O, CI\u00caNCIA E TECNOLOGIA BAIANO &#8211; CAMPUS BOM JESUS DA LAPA,\n    no uso de suas atribui\u00e7\u00f5es legais conferidas pela Portaria n\u00ba 1158\/2020 &#8211; RET-GAB\/RET\/IFBAIANO, de 04\/11\/2020,\n    publicada no Boletim de Servi\u00e7o Interno n\u00ba 11, de 30\/11\/2020, p\u00e1gina 298, e de acordo com as disposi\u00e7\u00f5es contidas na\n    Lei n\u00ba 11.892, de 29\/12\/2008, na Resolu\u00e7\u00e3o 8\/2016 &#8211; CONSUP, de 30\/3\/2016 (Regulamento de Monitoria de Ensino do IF\n    Baiano), torna p\u00fablica a abertura das inscri\u00e7\u00f5es do Processo Seletivo para concess\u00e3o de bolsas de monitoria para os\n    cursos da Educa\u00e7\u00e3o Profissional T\u00e9cnica de N\u00edvel M\u00e9dio, ano letivo 2026, tendo como refer\u00eancia o Edital 227\/2025 do\n    IF Baiano (Processo 23328.252464.2025-79).\n\n<\/p>\n<\/div>\n\n\n\n<div class=\"wp-block-column is-layout-flow\">\n<h2 id=\"ProreitoriaMeioDireitaTitulo\" style=\"color:#00510f;text-transform:uppercase;border-top: 3px solid #00510F\" class=\"has-inline-color\">\n    Inscri\u00e7\u00f5es\n<\/h2>\n\n<p>\n    Poder\u00e3o inscrever-se estudantes com matr\u00edcula e frequ\u00eancia regular em curso T\u00e9cnico de N\u00edvel M\u00e9dio do IF Baiano \u2013\n    Campus Bom Jesus da Lapa, observados os pr\u00e9-requisitos para cada vaga disponibilizada, conforme Quadro de vagas\n    abaixo. As inscri\u00e7\u00f5es ser\u00e3o realizadas de forma EXCLUSIVAMENTE eletr\u00f4nica conforme disposto no Cronograma (Anexo I).\n\n    As inscri\u00e7\u00f5es ser\u00e3o realizadas de forma EXCLUSIVAMENTE eletr\u00f4nica, por meio do link abaixo, no per\u00edodo de\n    <strong>16\/03\/2026 a 24\/03\/2026<\/strong>.\n\n    <br><br><br>\n\n   \n<\/p>\n\n<br>\n<br>\n<\/div>\n<\/div>\n\n\n\n<div class=\"wp-block-columns is-layout-flex wp-container-6\">\n<div class=\"wp-block-column is-layout-flow\">\n<h2 id=\"ProreitoriaMeioDireitaTitulo\" style=\"color:#00510f;text-transform:uppercase;border-top: 3px solid #00510F\" class=\"has-inline-color\">\n    Editais e Documentos\n<\/h2>\n\n<div class=\"wp-block-file\">\n\n<a href=\"https:\/\/www.ifbaiano.edu.br\/unidades\/lapa\/files\/2026\/04\/Retif-resultado-final-monitoria-medio-assinado.pdf\">\n       RETIFICA\u00c7\u00c3O DO RESULTADO FINAL- Publicado em 15\/04\/2026\n    <\/a>\n    <br><br>\n\n<a href=\"https:\/\/www.ifbaiano.edu.br\/unidades\/lapa\/files\/2026\/04\/Resultado-Final-monitoria-medio-assinado.pdf\">\n       RESULTADO FINAL- Publicado em 13\/04\/2026\n    <\/a>\n    <br><br>\n\n\n<a href=\"https:\/\/www.ifbaiano.edu.br\/unidades\/lapa\/files\/2026\/04\/Resultado-preliminar-monitoria-medio-assinado.pdf\">\n       RESULTADO PRELIMINAR- Publicado em 10\/04\/2026\n    <\/a>\n    <br><br>\n\n    <a href=\"https:\/\/www.ifbaiano.edu.br\/unidades\/lapa\/files\/2026\/04\/Cronograma-de-entrevistas-retificado-medio-assinado.pdf\">\n       Cronograma de entrevistas retificado &#8211; Publicado em 01\/04\/2026\n    <\/a>\n    <br><br>\n\n    <a href=\"https:\/\/www.ifbaiano.edu.br\/unidades\/lapa\/files\/2026\/03\/Edital-de-retificacao-26-2026.pdf\">\n       Retifica\u00e7\u00e3o n\u00ba 01 &#8211; Publicado em 31\/03\/2026\n    <\/a>\n    <br><br>\n\n    <a href=\"https:\/\/www.ifbaiano.edu.br\/unidades\/lapa\/files\/2026\/03\/Cronograma-de-entrevistas-medio.pdf\">\n       Cronograma de Entrevistas &#8211; Monitoria Ensino M\u00e9dio &#8211; Publicado em 30\/03\/2026\n    <\/a>\n    <br><br>\n\n    <a href=\"https:\/\/www.ifbaiano.edu.br\/unidades\/lapa\/files\/2026\/03\/Inscricoes-homologadas-monitoria-2026.pdf\">\n       Homologa\u00e7\u00e3o das Inscri\u00e7\u00f5es &#8211; Edital 20\/2026 &#8211; Publicado em 26\/03\/2026\n    <\/a>\n    <br><br>\n\n    <a href=\"https:\/\/www.ifbaiano.edu.br\/unidades\/lapa\/files\/2026\/03\/Edital-n-20-2026.pdf\">\n        SELE\u00c7\u00c3O MONITORES CURSOS INTEGRADOS &#8211; Edital 20\/2026 &#8211; Publicado em 13\/03\/2026\n    <\/a>\n<\/div>\n<\/div>\n\n\n\n<div class=\"wp-block-column is-layout-flow\">\n<h2 id=\"ProreitoriaMeioDireitaTitulo\" style=\"color:#00510f;text-transform:uppercase;border-top: 3px solid #00510F\" class=\"has-inline-color\">\n\tContato\n<\/h2>\n<p>E-mail:<b> selecao.monitoria@lapa.ifbaiano.edu.br<\/b><\/p>\n<\/div>\n<\/div>\n\n\n\n<p><\/p>\n","protected":false},"excerpt":{"rendered":"<p>Apresenta\u00e7\u00e3o O DIRETOR-GERAL SUBSTITUTO DO INSTITUTO FEDERAL DE EDUCA\u00c7\u00c3O, CI\u00caNCIA E TECNOLOGIA BAIANO &#8211; CAMPUS BOM JESUS DA LAPA, no uso de suas atribui\u00e7\u00f5es legais conferidas pela Portaria n\u00ba 1158\/2020 &#8211; RET-GAB\/RET\/IFBAIANO, de 04\/11\/2020, publicada no Boletim de Servi\u00e7o Interno n\u00ba 11, de 30\/11\/2020, p\u00e1gina 298, e de acordo com as disposi\u00e7\u00f5es contidas na Lei [&hellip;]<\/p>\n","protected":false},"author":192,"featured_media":0,"comment_status":"open","ping_status":"open","sticky":false,"template":"","format":"standard","meta":[],"categories":[1],"tags":[],"_links":{"self":[{"href":"https:\/\/www.ifbaiano.edu.br\/unidades\/lapa\/wp-json\/wp\/v2\/posts\/30425"}],"collection":[{"href":"https:\/\/www.ifbaiano.edu.br\/unidades\/lapa\/wp-json\/wp\/v2\/posts"}],"about":[{"href":"https:\/\/www.ifbaiano.edu.br\/unidades\/lapa\/wp-json\/wp\/v2\/types\/post"}],"author":[{"embeddable":true,"href":"https:\/\/www.ifbaiano.edu.br\/unidades\/lapa\/wp-json\/wp\/v2\/users\/192"}],"replies":[{"embeddable":true,"href":"https:\/\/www.ifbaiano.edu.br\/unidades\/lapa\/wp-json\/wp\/v2\/comments?post=30425"}],"version-history":[{"count":11,"href":"https:\/\/www.ifbaiano.edu.br\/unidades\/lapa\/wp-json\/wp\/v2\/posts\/30425\/revisions"}],"predecessor-version":[{"id":30532,"href":"https:\/\/www.ifbaiano.edu.br\/unidades\/lapa\/wp-json\/wp\/v2\/posts\/30425\/revisions\/30532"}],"wp:attachment":[{"href":"https:\/\/www.ifbaiano.edu.br\/unidades\/lapa\/wp-json\/wp\/v2\/media?parent=30425"}],"wp:term":[{"taxonomy":"category","embeddable":true,"href":"https:\/\/www.ifbaiano.edu.br\/unidades\/lapa\/wp-json\/wp\/v2\/categories?post=30425"},{"taxonomy":"post_tag","embeddable":true,"href":"https:\/\/www.ifbaiano.edu.br\/unidades\/lapa\/wp-json\/wp\/v2\/tags?post=30425"}],"curies":[{"name":"wp","href":"https:\/\/api.w.org\/{rel}","templated":true}]}}