{"id":3051,"date":"2015-03-25T11:45:37","date_gmt":"2015-03-25T13:45:37","guid":{"rendered":"http:\/\/www.ifbaiano.edu.br\/unidades\/lapa\/?p=3051"},"modified":"2015-03-25T11:45:37","modified_gmt":"2015-03-25T13:45:37","slug":"i-seminario-estadual-de-tangerina-ponkan","status":"publish","type":"post","link":"https:\/\/www.ifbaiano.edu.br\/unidades\/lapa\/2015\/03\/25\/i-seminario-estadual-de-tangerina-ponkan\/","title":{"rendered":"I Semin\u00e1rio Estadual de Tangerina Ponkan"},"content":{"rendered":"<p>No dia 19\/03\/2015 foi realizado no <em>Campus <\/em>Bom Jesus da Lapa o <em>I Semin\u00e1rio Estadual de Tangerina Ponkan<\/em>.<\/p>\n<p><!--more--><\/p>\n<p><em>O evento foi\u00a0<\/em>pensado a partir da necessidade de difundir novas tecnologias de culturas que se instalam na regi\u00e3o dos Territ\u00f3rios do Velho Chico e da Bacia do Rio Corrente. O evento, fruto de uma parceria entre IF Baiano, UESB, Embrapa, Tamafe solu\u00e7\u00f5es para plantio, Banana da Bahia e Agropecu\u00e1ria Mineira, teve entre as suas finalidades, a quebra de paradigmas a respeito da cultura de citros, a difus\u00e3o de conhecimentos, o incentivo \u00e0 pesquisa, bem como pretendeu atrair novos investidores, ampliar a \u00e1rea plantada e apontar caminhos para a diversifica\u00e7\u00e3o de culturas em uma regi\u00e3o onde predomina a monocultura. Foram abordadas quest\u00f5es relacionadas \u00e0 adaptabilidade regional do citros, ao manejo, \u00e0 agrega\u00e7\u00e3o de valor, \u00e0 comercializa\u00e7\u00e3o, dentre outros, de modo que os temas de todas as palestras foram importantes e complementares. A realiza\u00e7\u00e3o do <strong><em>I Semin\u00e1rio Estadual de Tangerina Ponkan <\/em><\/strong>no <em>Campus <\/em>Bom Jesus da Lapa \u00e9 de grande relev\u00e2ncia para o Curso T\u00e9cnico em Agricultura, uma vez que proporciona aos nossos estudantes a aproxima\u00e7\u00e3o ao universo da Pesquisa, o debate de novos temas e a inova\u00e7\u00e3o. O evento entra para o calend\u00e1rio anual de atividades desse <em>Campus <\/em>e dever\u00e1 ser realizado semestralmente.<\/p>\n<p>&nbsp;<\/p>\n","protected":false},"excerpt":{"rendered":"<p>No dia 19\/03\/2015 foi realizado no Campus Bom Jesus da Lapa o I Semin\u00e1rio Estadual de Tangerina Ponkan.<\/p>\n","protected":false},"author":36,"featured_media":0,"comment_status":"open","ping_status":"open","sticky":false,"template":"","format":"standard","meta":[],"categories":[1],"tags":[],"_links":{"self":[{"href":"https:\/\/www.ifbaiano.edu.br\/unidades\/lapa\/wp-json\/wp\/v2\/posts\/3051"}],"collection":[{"href":"https:\/\/www.ifbaiano.edu.br\/unidades\/lapa\/wp-json\/wp\/v2\/posts"}],"about":[{"href":"https:\/\/www.ifbaiano.edu.br\/unidades\/lapa\/wp-json\/wp\/v2\/types\/post"}],"author":[{"embeddable":true,"href":"https:\/\/www.ifbaiano.edu.br\/unidades\/lapa\/wp-json\/wp\/v2\/users\/36"}],"replies":[{"embeddable":true,"href":"https:\/\/www.ifbaiano.edu.br\/unidades\/lapa\/wp-json\/wp\/v2\/comments?post=3051"}],"version-history":[{"count":2,"href":"https:\/\/www.ifbaiano.edu.br\/unidades\/lapa\/wp-json\/wp\/v2\/posts\/3051\/revisions"}],"predecessor-version":[{"id":3053,"href":"https:\/\/www.ifbaiano.edu.br\/unidades\/lapa\/wp-json\/wp\/v2\/posts\/3051\/revisions\/3053"}],"wp:attachment":[{"href":"https:\/\/www.ifbaiano.edu.br\/unidades\/lapa\/wp-json\/wp\/v2\/media?parent=3051"}],"wp:term":[{"taxonomy":"category","embeddable":true,"href":"https:\/\/www.ifbaiano.edu.br\/unidades\/lapa\/wp-json\/wp\/v2\/categories?post=3051"},{"taxonomy":"post_tag","embeddable":true,"href":"https:\/\/www.ifbaiano.edu.br\/unidades\/lapa\/wp-json\/wp\/v2\/tags?post=3051"}],"curies":[{"name":"wp","href":"https:\/\/api.w.org\/{rel}","templated":true}]}}