{"id":3054,"date":"2015-03-25T11:56:18","date_gmt":"2015-03-25T13:56:18","guid":{"rendered":"http:\/\/www.ifbaiano.edu.br\/unidades\/lapa\/?p=3054"},"modified":"2015-03-25T11:56:18","modified_gmt":"2015-03-25T13:56:18","slug":"selecao-para-bolsas-de-iniciacao-cientifica","status":"publish","type":"post","link":"https:\/\/www.ifbaiano.edu.br\/unidades\/lapa\/2015\/03\/25\/selecao-para-bolsas-de-iniciacao-cientifica\/","title":{"rendered":"Sele\u00e7\u00e3o para Bolsas de Inicia\u00e7\u00e3o Cient\u00edfica"},"content":{"rendered":"<p>Comunicamos aos Estudantes dos cursos T\u00e9cnico em Inform\u00e1tica e T\u00e9cnico em Agricultura, que est\u00e3o cursando o primeiro semestre, que est\u00e1 aberta sele\u00e7\u00e3o para duas bolsas de projeto de pesquisa na \u00e1rea de energia solar.<\/p>\n<p><!--more--><\/p>\n<p>Modalidade: Inicia\u00e7\u00e3o Tecnol\u00f3gica e Industrial &#8211; ITI &#8211; A 01- aluno de inform\u00e1tica 01 aluno de agricultura Valor: R$ 400,00 (quatrocentos reais mensais) Dura\u00e7\u00e3o 12 meses;<\/p>\n<p>Requisitos para o bolsista:<\/p>\n<p>a) Estar regularmente matriculado;<\/p>\n<p>b) ser graduado ou ter conclu\u00eddo o n\u00edvel m\u00e9dio h\u00e1, no m\u00e1ximo, 3 (tr\u00eas) anos;<\/p>\n<p>c) n\u00e3o estar vinculado ao mercado de trabalho;<\/p>\n<p>As inscri\u00e7\u00f5es ser\u00e3o aceitas at\u00e9 o dia 27 de Mar\u00e7o. Os candidatos selecionados nesta primeira etapa ser\u00e3o avaliados atrav\u00e9s de um teste escrito e entrevista. O local, data e hor\u00e1rio da segunda etapa ser\u00e1 divulgado pelo e-mail das turmas, site, redes sociais e no mural do refeit\u00f3rio. Qualquer d\u00favida enviar e-mail, ou procurar o professor Marcos Aur\u00e9lio, no Laborat\u00f3rio de Qu\u00edmica do Campus.<\/p>\n<p>Para se inscrever, preencha o formul\u00e1rio dispon\u00edvel <a href=\"http:\/\/www.ifbaiano.edu.br\/unidades\/lapa\/files\/2015\/03\/ficha.pdf\">AQUI!<\/a> anexe c\u00f3pia do hist\u00f3rico escolar do Ensino M\u00e9dio e entregue no Laborat\u00f3rio de Qu\u00edmica do Campus.<\/p>\n<p>&nbsp;<\/p>\n<p>&nbsp;<\/p>\n","protected":false},"excerpt":{"rendered":"<p>Comunicamos aos Estudantes dos cursos T\u00e9cnico em Inform\u00e1tica e T\u00e9cnico em Agricultura, que est\u00e3o cursando o primeiro semestre, que est\u00e1 aberta sele\u00e7\u00e3o para duas bolsas de projeto de pesquisa na \u00e1rea de energia solar.<\/p>\n","protected":false},"author":36,"featured_media":0,"comment_status":"open","ping_status":"open","sticky":false,"template":"","format":"standard","meta":[],"categories":[1],"tags":[],"_links":{"self":[{"href":"https:\/\/www.ifbaiano.edu.br\/unidades\/lapa\/wp-json\/wp\/v2\/posts\/3054"}],"collection":[{"href":"https:\/\/www.ifbaiano.edu.br\/unidades\/lapa\/wp-json\/wp\/v2\/posts"}],"about":[{"href":"https:\/\/www.ifbaiano.edu.br\/unidades\/lapa\/wp-json\/wp\/v2\/types\/post"}],"author":[{"embeddable":true,"href":"https:\/\/www.ifbaiano.edu.br\/unidades\/lapa\/wp-json\/wp\/v2\/users\/36"}],"replies":[{"embeddable":true,"href":"https:\/\/www.ifbaiano.edu.br\/unidades\/lapa\/wp-json\/wp\/v2\/comments?post=3054"}],"version-history":[{"count":2,"href":"https:\/\/www.ifbaiano.edu.br\/unidades\/lapa\/wp-json\/wp\/v2\/posts\/3054\/revisions"}],"predecessor-version":[{"id":3057,"href":"https:\/\/www.ifbaiano.edu.br\/unidades\/lapa\/wp-json\/wp\/v2\/posts\/3054\/revisions\/3057"}],"wp:attachment":[{"href":"https:\/\/www.ifbaiano.edu.br\/unidades\/lapa\/wp-json\/wp\/v2\/media?parent=3054"}],"wp:term":[{"taxonomy":"category","embeddable":true,"href":"https:\/\/www.ifbaiano.edu.br\/unidades\/lapa\/wp-json\/wp\/v2\/categories?post=3054"},{"taxonomy":"post_tag","embeddable":true,"href":"https:\/\/www.ifbaiano.edu.br\/unidades\/lapa\/wp-json\/wp\/v2\/tags?post=3054"}],"curies":[{"name":"wp","href":"https:\/\/api.w.org\/{rel}","templated":true}]}}