{"id":3087,"date":"2015-04-06T18:48:42","date_gmt":"2015-04-06T20:48:42","guid":{"rendered":"http:\/\/www.ifbaiano.edu.br\/unidades\/lapa\/?p=3087"},"modified":"2015-04-06T18:49:01","modified_gmt":"2015-04-06T20:49:01","slug":"gremio-estudantil-convoca-estudantes-para-assembleia","status":"publish","type":"post","link":"https:\/\/www.ifbaiano.edu.br\/unidades\/lapa\/2015\/04\/06\/gremio-estudantil-convoca-estudantes-para-assembleia\/","title":{"rendered":"Gr\u00eamio Estudantil Convoca Estudantes para Assembleia"},"content":{"rendered":"<p><strong>Assembleia acontecer\u00e1 no pr\u00f3ximo dia 8 de abril, \u00e0s 11 horas, no Audit\u00f3rio do Campus.<\/strong><\/p>\n<p><!--more--><\/p>\n<p>O Gr\u00eamio Estudantil do IF Baiano \u2013 Campus Bom Jesus da Lapa convoca todos os estudantes regularmente matriculados para uma Assembleia Geral que acontecer\u00e1 no pr\u00f3ximo dia 08 de abril de 2015, no Audit\u00f3rio, \u00e0s 11:00 horas, para discutir a recomposi\u00e7\u00e3o da referida agremia\u00e7\u00e3o.<\/p>\n","protected":false},"excerpt":{"rendered":"<p>Assembleia acontecer\u00e1 no pr\u00f3ximo dia 8 de abril, \u00e0s 11 horas, no Audit\u00f3rio do Campus.<\/p>\n","protected":false},"author":36,"featured_media":0,"comment_status":"open","ping_status":"open","sticky":false,"template":"","format":"standard","meta":[],"categories":[1],"tags":[],"_links":{"self":[{"href":"https:\/\/www.ifbaiano.edu.br\/unidades\/lapa\/wp-json\/wp\/v2\/posts\/3087"}],"collection":[{"href":"https:\/\/www.ifbaiano.edu.br\/unidades\/lapa\/wp-json\/wp\/v2\/posts"}],"about":[{"href":"https:\/\/www.ifbaiano.edu.br\/unidades\/lapa\/wp-json\/wp\/v2\/types\/post"}],"author":[{"embeddable":true,"href":"https:\/\/www.ifbaiano.edu.br\/unidades\/lapa\/wp-json\/wp\/v2\/users\/36"}],"replies":[{"embeddable":true,"href":"https:\/\/www.ifbaiano.edu.br\/unidades\/lapa\/wp-json\/wp\/v2\/comments?post=3087"}],"version-history":[{"count":2,"href":"https:\/\/www.ifbaiano.edu.br\/unidades\/lapa\/wp-json\/wp\/v2\/posts\/3087\/revisions"}],"predecessor-version":[{"id":3089,"href":"https:\/\/www.ifbaiano.edu.br\/unidades\/lapa\/wp-json\/wp\/v2\/posts\/3087\/revisions\/3089"}],"wp:attachment":[{"href":"https:\/\/www.ifbaiano.edu.br\/unidades\/lapa\/wp-json\/wp\/v2\/media?parent=3087"}],"wp:term":[{"taxonomy":"category","embeddable":true,"href":"https:\/\/www.ifbaiano.edu.br\/unidades\/lapa\/wp-json\/wp\/v2\/categories?post=3087"},{"taxonomy":"post_tag","embeddable":true,"href":"https:\/\/www.ifbaiano.edu.br\/unidades\/lapa\/wp-json\/wp\/v2\/tags?post=3087"}],"curies":[{"name":"wp","href":"https:\/\/api.w.org\/{rel}","templated":true}]}}