{"id":3157,"date":"2015-04-18T22:20:24","date_gmt":"2015-04-19T00:20:24","guid":{"rendered":"http:\/\/www.ifbaiano.edu.br\/unidades\/lapa\/?p=3157"},"modified":"2015-04-18T22:20:24","modified_gmt":"2015-04-19T00:20:24","slug":"prorrogadas-inscricoes-para-especializacao-em-inovacao-social-com-enfase-em-economia-solidaria-e-agroecologia","status":"publish","type":"post","link":"https:\/\/www.ifbaiano.edu.br\/unidades\/lapa\/2015\/04\/18\/prorrogadas-inscricoes-para-especializacao-em-inovacao-social-com-enfase-em-economia-solidaria-e-agroecologia\/","title":{"rendered":"Prorrogadas inscri\u00e7\u00f5es para Especializa\u00e7\u00e3o em Inova\u00e7\u00e3o Social com \u00eanfase em Economia Solid\u00e1ria e Agroecologia"},"content":{"rendered":"<p>At\u00e9 o dia 26 de abril,\u00a0est\u00e3o abertas as inscri\u00e7\u00f5es\u00a0para o processo seletivo da Especializa\u00e7\u00e3o (Lato Sensu) em Inova\u00e7\u00e3o Social com \u00eanfase em Economia Solid\u00e1ria e Agroecologia\u00a0no Instituto Federal Baiano.<\/p>\n<p>O curso\u00a0\u00e9 gratuito, oferta\u00a040 (quarenta)\u00a0vagas e ser\u00e1 sediado no Instituto Federal Baiano (IF Baiano),\u00a0<em>Campus\u00a0<\/em>Bom Jesus da Lapa.\u00a0Seu objetivo \u00e9\u00a0aperfei\u00e7oar educadores, extensionistas, gestores p\u00fablicos, atores sociais, etc., possibilitando uma an\u00e1lise cr\u00edtica das pol\u00edticas p\u00fablicas e a constru\u00e7\u00e3o dial\u00f3gica de estrat\u00e9gias de inova\u00e7\u00e3o social para o\u00a0semi\u00e1rido do Territ\u00f3rio Velho Chico a partir da agroecologia e da economia solid\u00e1ria.<\/p>\n<p>A\u00a0sele\u00e7\u00e3o\u00a0acontecer\u00e1 em tr\u00eas etapas:\u00a0an\u00e1lise\u00a0de curr\u00edculo, an\u00e1lise do plano de pesquisa e avalia\u00e7\u00e3o de carta de inten\u00e7\u00f5es. As inscri\u00e7\u00f5es dever\u00e3o ser realizadas no site\u00a0<a href=\"http:\/\/www.lapprudes.net\/\">www.lapprudes.net<\/a><\/p>\n<p><strong>Edital<\/strong><strong>:<\/strong>\u00a0<a href=\"http:\/\/www.ifbaiano.edu.br\/reitoria\/wp-content\/uploads\/2015\/03\/edital_inovacao_com_assinatura.pdf\">Edital com Assinatura<\/a>\u00a0|\u00a0<a href=\"http:\/\/www.ifbaiano.edu.br\/reitoria\/wp-content\/uploads\/2015\/03\/edital_inovacao_sem_assinatura.pdf\">Edital Sem Assinatura\u00a0 (Publicado em 23\/03\/2015 \u00e0s 10:05)<\/a><\/p>\n<p><strong><a href=\"http:\/\/www.ifbaiano.edu.br\/reitoria\/wp-content\/uploads\/2015\/03\/prorrogacao-inscricoes-inovacao.pdf\">Prorroga\u00e7\u00e3o de inscri\u00e7\u00f5es (17\/4\/2015 \u00e0s 16h39)<\/a><\/strong><\/p>\n<p>&nbsp;<\/p>\n","protected":false},"excerpt":{"rendered":"<p>At\u00e9 o dia 26 de abril,\u00a0est\u00e3o abertas as inscri\u00e7\u00f5es\u00a0para o processo seletivo da Especializa\u00e7\u00e3o (Lato Sensu) em Inova\u00e7\u00e3o Social com \u00eanfase em Economia Solid\u00e1ria e Agroecologia\u00a0no Instituto Federal Baiano. O curso\u00a0\u00e9 gratuito, oferta\u00a040 (quarenta)\u00a0vagas e ser\u00e1 sediado no Instituto Federal Baiano (IF Baiano),\u00a0Campus\u00a0Bom Jesus da Lapa.\u00a0Seu objetivo \u00e9\u00a0aperfei\u00e7oar educadores, extensionistas, gestores p\u00fablicos, atores sociais, etc., [&hellip;]<\/p>\n","protected":false},"author":36,"featured_media":0,"comment_status":"open","ping_status":"open","sticky":false,"template":"","format":"standard","meta":[],"categories":[1],"tags":[],"_links":{"self":[{"href":"https:\/\/www.ifbaiano.edu.br\/unidades\/lapa\/wp-json\/wp\/v2\/posts\/3157"}],"collection":[{"href":"https:\/\/www.ifbaiano.edu.br\/unidades\/lapa\/wp-json\/wp\/v2\/posts"}],"about":[{"href":"https:\/\/www.ifbaiano.edu.br\/unidades\/lapa\/wp-json\/wp\/v2\/types\/post"}],"author":[{"embeddable":true,"href":"https:\/\/www.ifbaiano.edu.br\/unidades\/lapa\/wp-json\/wp\/v2\/users\/36"}],"replies":[{"embeddable":true,"href":"https:\/\/www.ifbaiano.edu.br\/unidades\/lapa\/wp-json\/wp\/v2\/comments?post=3157"}],"version-history":[{"count":2,"href":"https:\/\/www.ifbaiano.edu.br\/unidades\/lapa\/wp-json\/wp\/v2\/posts\/3157\/revisions"}],"predecessor-version":[{"id":3159,"href":"https:\/\/www.ifbaiano.edu.br\/unidades\/lapa\/wp-json\/wp\/v2\/posts\/3157\/revisions\/3159"}],"wp:attachment":[{"href":"https:\/\/www.ifbaiano.edu.br\/unidades\/lapa\/wp-json\/wp\/v2\/media?parent=3157"}],"wp:term":[{"taxonomy":"category","embeddable":true,"href":"https:\/\/www.ifbaiano.edu.br\/unidades\/lapa\/wp-json\/wp\/v2\/categories?post=3157"},{"taxonomy":"post_tag","embeddable":true,"href":"https:\/\/www.ifbaiano.edu.br\/unidades\/lapa\/wp-json\/wp\/v2\/tags?post=3157"}],"curies":[{"name":"wp","href":"https:\/\/api.w.org\/{rel}","templated":true}]}}