{"id":3183,"date":"2015-05-01T21:31:45","date_gmt":"2015-05-01T23:31:45","guid":{"rendered":"http:\/\/www.ifbaiano.edu.br\/unidades\/lapa\/?p=3183"},"modified":"2015-05-01T21:31:45","modified_gmt":"2015-05-01T23:31:45","slug":"resultado-final-da-selecao-para-a-especializacao-em-inovacao-social-com-enfase-em-economia-solidaria-e-agroecologia","status":"publish","type":"post","link":"https:\/\/www.ifbaiano.edu.br\/unidades\/lapa\/2015\/05\/01\/resultado-final-da-selecao-para-a-especializacao-em-inovacao-social-com-enfase-em-economia-solidaria-e-agroecologia\/","title":{"rendered":"Resultado Final da Sele\u00e7\u00e3o para a Especializa\u00e7\u00e3o em Inova\u00e7\u00e3o Social com \u00canfase em Economia Solid\u00e1ria e Agroecologia"},"content":{"rendered":"<p>A Diretoria Acad\u00eamica do IF Baiano &#8211; Campus Bom Jesus da Lapa torna p\u00fablica a rela\u00e7\u00e3o de aprovados na Especializa\u00e7\u00e3o em Inova\u00e7\u00e3o Social com \u00canfase em Economia Solid\u00e1ria e Agroecologia.<\/p>\n<p><!--more--><\/p>\n<p><a href=\"http:\/\/posinovacaosocial.lapprudes.net\/wp-content\/uploads\/2015\/05\/P%C3%93S-GRADUA%C3%87%C3%83O-EM-INOVA%C3%87%C3%83O-SOCIAL_RESULTADO-FINAL-1.pdf\">Acessem aqui a rela\u00e7\u00e3o de aprovados<\/a><\/p>\n<p align=\"justify\">Per\u00edodo de Matr\u00edcula\u00a0\u2013 4 a 7 de maio de 2015, das 8 horas \u00e0s 11 horas e 30 minutos e das 14 horas \u00e0s 17 horas.<\/p>\n<p align=\"justify\">Local da Matr\u00edcula:\u00a0IF Baiano, BR 349, Km 14 \u2013 Zona Rural, Bom Jesus da Lapa \u2013 Bahia, CEP: 47600-000<\/p>\n<p align=\"justify\">Para efetuar a matr\u00edcula o candidato devera entregar, a seguinte documenta\u00e7\u00e3o, na Secretaria Escolar:<\/p>\n<ul>\n<li>Uma foto 3\u00d74 recente;<\/li>\n<li>Fotocopia da C\u00e9dula de Identidade;<\/li>\n<li>Fotocopia do CPF;<\/li>\n<li>\n<p align=\"justify\">Fotocopia do Diploma, Certificado de Conclus\u00e3o de Curso de Gradua\u00e7\u00e3o ou comprovante de matr\u00edcula de gradua\u00e7\u00e3o (\u00faltimo semestre) acompanhado de declara\u00e7\u00e3o da Coordena\u00e7\u00e3o do Curso ou equivalente de que concluir\u00e1 a gradua\u00e7\u00e3o at\u00e9 o t\u00e9rmino do primeiro semestre das aulas da P\u00f3s-gradua\u00e7\u00e3o em Inova\u00e7\u00e3o Social com \u00eanfase em Economia Solid\u00e1ria e Agroecologia, 2015.1;<\/p>\n<\/li>\n<li>\n<p align=\"justify\">Para os candidatos que declararam no formul\u00e1rio de inscri\u00e7\u00e3o ter algum tipo de \u201cnecessidade educacional especial\u201d, dever\u00e3o tamb\u00e9m entregar Laudo M\u00e9dico de Especialista que ateste a esp\u00e9cie e o grau ou n\u00edvel de defici\u00eancia, com expressa refer\u00eancia ao c\u00f3digo correspondente da Classifica\u00e7\u00e3o Internacional de Doen\u00e7a \u2013 CID.<\/p>\n<\/li>\n<\/ul>\n<p>Observa\u00e7\u00f5es:<\/p>\n<ul>\n<li>\n<p align=\"justify\">Todas as fotoc\u00f3pias dos documentos solicitados no item 6.1 devem ser autenticadas ou apresentadas com os documentos originais.<\/p>\n<\/li>\n<li>\n<p align=\"justify\">A aus\u00eancia de um dos documentos exigidos implicar\u00e1 na n\u00e3o efetiva\u00e7\u00e3o da matr\u00edcula.<\/p>\n<\/li>\n<li>\n<p align=\"justify\">Ser\u00e1 considerado desistente o candidato que n\u00e3o efetuar a matr\u00edcula no per\u00edodo e hor\u00e1rio estabelecidos.<\/p>\n<\/li>\n<li>\n<p align=\"justify\">Havendo desist\u00eancias da matr\u00edcula ser\u00e3o convocados os candidatos habilitados, obedecendo a ordem geral de classifica\u00e7\u00e3o, durante o per\u00edodo m\u00e1ximo de 15 dias corridos ap\u00f3s o in\u00edcio das aulas.<\/p>\n<\/li>\n<\/ul>\n<p>&nbsp;<\/p>\n","protected":false},"excerpt":{"rendered":"<p>A Diretoria Acad\u00eamica do IF Baiano &#8211; Campus Bom Jesus da Lapa torna p\u00fablica a rela\u00e7\u00e3o de aprovados na Especializa\u00e7\u00e3o em Inova\u00e7\u00e3o Social com \u00canfase em Economia Solid\u00e1ria e Agroecologia.<\/p>\n","protected":false},"author":36,"featured_media":0,"comment_status":"open","ping_status":"open","sticky":false,"template":"","format":"standard","meta":[],"categories":[1],"tags":[],"_links":{"self":[{"href":"https:\/\/www.ifbaiano.edu.br\/unidades\/lapa\/wp-json\/wp\/v2\/posts\/3183"}],"collection":[{"href":"https:\/\/www.ifbaiano.edu.br\/unidades\/lapa\/wp-json\/wp\/v2\/posts"}],"about":[{"href":"https:\/\/www.ifbaiano.edu.br\/unidades\/lapa\/wp-json\/wp\/v2\/types\/post"}],"author":[{"embeddable":true,"href":"https:\/\/www.ifbaiano.edu.br\/unidades\/lapa\/wp-json\/wp\/v2\/users\/36"}],"replies":[{"embeddable":true,"href":"https:\/\/www.ifbaiano.edu.br\/unidades\/lapa\/wp-json\/wp\/v2\/comments?post=3183"}],"version-history":[{"count":2,"href":"https:\/\/www.ifbaiano.edu.br\/unidades\/lapa\/wp-json\/wp\/v2\/posts\/3183\/revisions"}],"predecessor-version":[{"id":3185,"href":"https:\/\/www.ifbaiano.edu.br\/unidades\/lapa\/wp-json\/wp\/v2\/posts\/3183\/revisions\/3185"}],"wp:attachment":[{"href":"https:\/\/www.ifbaiano.edu.br\/unidades\/lapa\/wp-json\/wp\/v2\/media?parent=3183"}],"wp:term":[{"taxonomy":"category","embeddable":true,"href":"https:\/\/www.ifbaiano.edu.br\/unidades\/lapa\/wp-json\/wp\/v2\/categories?post=3183"},{"taxonomy":"post_tag","embeddable":true,"href":"https:\/\/www.ifbaiano.edu.br\/unidades\/lapa\/wp-json\/wp\/v2\/tags?post=3183"}],"curies":[{"name":"wp","href":"https:\/\/api.w.org\/{rel}","templated":true}]}}