{"id":3211,"date":"2015-05-17T18:19:40","date_gmt":"2015-05-17T20:19:40","guid":{"rendered":"http:\/\/www.ifbaiano.edu.br\/unidades\/lapa\/?p=3211"},"modified":"2015-05-17T18:19:40","modified_gmt":"2015-05-17T20:19:40","slug":"convite-da-aula-inaugural-da-especializacao-em-inovacao-social","status":"publish","type":"post","link":"https:\/\/www.ifbaiano.edu.br\/unidades\/lapa\/2015\/05\/17\/convite-da-aula-inaugural-da-especializacao-em-inovacao-social\/","title":{"rendered":"Convite da aula inaugural da Especializa\u00e7\u00e3o em Inova\u00e7\u00e3o Social"},"content":{"rendered":"<p><a href=\"http:\/\/www.ifbaiano.edu.br\/unidades\/lapa\/files\/2015\/05\/convite-geral.jpg\"><img decoding=\"async\" loading=\"lazy\" class=\"size-full wp-image-3212 alignright\" src=\"http:\/\/www.ifbaiano.edu.br\/unidades\/lapa\/files\/2015\/05\/convite-geral.jpg\" alt=\"\" width=\"672\" height=\"475\" srcset=\"https:\/\/www.ifbaiano.edu.br\/unidades\/lapa\/files\/2015\/05\/convite-geral.jpg 960w, https:\/\/www.ifbaiano.edu.br\/unidades\/lapa\/files\/2015\/05\/convite-geral-300x211.jpg 300w, https:\/\/www.ifbaiano.edu.br\/unidades\/lapa\/files\/2015\/05\/convite-geral-400x282.jpg 400w\" sizes=\"(max-width: 672px) 100vw, 672px\" \/><\/a><\/p>\n","protected":false},"excerpt":{"rendered":"","protected":false},"author":58,"featured_media":3212,"comment_status":"open","ping_status":"open","sticky":false,"template":"","format":"standard","meta":[],"categories":[41,30,24,40],"tags":[],"_links":{"self":[{"href":"https:\/\/www.ifbaiano.edu.br\/unidades\/lapa\/wp-json\/wp\/v2\/posts\/3211"}],"collection":[{"href":"https:\/\/www.ifbaiano.edu.br\/unidades\/lapa\/wp-json\/wp\/v2\/posts"}],"about":[{"href":"https:\/\/www.ifbaiano.edu.br\/unidades\/lapa\/wp-json\/wp\/v2\/types\/post"}],"author":[{"embeddable":true,"href":"https:\/\/www.ifbaiano.edu.br\/unidades\/lapa\/wp-json\/wp\/v2\/users\/58"}],"replies":[{"embeddable":true,"href":"https:\/\/www.ifbaiano.edu.br\/unidades\/lapa\/wp-json\/wp\/v2\/comments?post=3211"}],"version-history":[{"count":6,"href":"https:\/\/www.ifbaiano.edu.br\/unidades\/lapa\/wp-json\/wp\/v2\/posts\/3211\/revisions"}],"predecessor-version":[{"id":3218,"href":"https:\/\/www.ifbaiano.edu.br\/unidades\/lapa\/wp-json\/wp\/v2\/posts\/3211\/revisions\/3218"}],"wp:featuredmedia":[{"embeddable":true,"href":"https:\/\/www.ifbaiano.edu.br\/unidades\/lapa\/wp-json\/wp\/v2\/media\/3212"}],"wp:attachment":[{"href":"https:\/\/www.ifbaiano.edu.br\/unidades\/lapa\/wp-json\/wp\/v2\/media?parent=3211"}],"wp:term":[{"taxonomy":"category","embeddable":true,"href":"https:\/\/www.ifbaiano.edu.br\/unidades\/lapa\/wp-json\/wp\/v2\/categories?post=3211"},{"taxonomy":"post_tag","embeddable":true,"href":"https:\/\/www.ifbaiano.edu.br\/unidades\/lapa\/wp-json\/wp\/v2\/tags?post=3211"}],"curies":[{"name":"wp","href":"https:\/\/api.w.org\/{rel}","templated":true}]}}