{"id":3224,"date":"2015-05-22T12:03:22","date_gmt":"2015-05-22T14:03:22","guid":{"rendered":"http:\/\/www.ifbaiano.edu.br\/unidades\/lapa\/?p=3224"},"modified":"2015-05-22T12:03:22","modified_gmt":"2015-05-22T14:03:22","slug":"transporte-para-a-aula-inaugural-da-especializacao-em-inovacao-social","status":"publish","type":"post","link":"https:\/\/www.ifbaiano.edu.br\/unidades\/lapa\/2015\/05\/22\/transporte-para-a-aula-inaugural-da-especializacao-em-inovacao-social\/","title":{"rendered":"Transporte para a Aula Inaugural da Especializa\u00e7\u00e3o em Inova\u00e7\u00e3o Social"},"content":{"rendered":"<p>O ve\u00edculo sair\u00e1 pontualmente da cidade de Bom Jesus da Lapa \u00e0s 18:00 horas. O \u00f4nibus estar\u00e1 em frente \u00e0 Escola Municipal Paulo Freire (Antigo CENFOR).<\/p>\n<p><!--more--><\/p>\n<p>Comunicamos aos estudantes, convidados e \u00e0 comunidade em Geral que o IF Baiano disponibilizar\u00e1 transporte institucional para a aula inaugural que ser\u00e1 realizada no pr\u00f3ximo dia 23 de maio (s\u00e1bado) \u00e0s 19:00 horas na sede do Campus.<\/p>\n<p>&nbsp;<\/p>\n<p>Participem e ajudem a abrilhantar esse momento hist\u00f3rico na hist\u00f3ria do Campus Bom Jesus da Lapa!<\/p>\n<p>&nbsp;<\/p>\n<p>&nbsp;<\/p>\n","protected":false},"excerpt":{"rendered":"<p>O ve\u00edculo sair\u00e1 pontualmente da cidade de Bom Jesus da Lapa \u00e0s 18:00 horas. O \u00f4nibus estar\u00e1 em frente \u00e0 Escola Municipal Paulo Freire (Antigo CENFOR).<\/p>\n","protected":false},"author":36,"featured_media":0,"comment_status":"open","ping_status":"open","sticky":false,"template":"","format":"standard","meta":[],"categories":[1],"tags":[],"_links":{"self":[{"href":"https:\/\/www.ifbaiano.edu.br\/unidades\/lapa\/wp-json\/wp\/v2\/posts\/3224"}],"collection":[{"href":"https:\/\/www.ifbaiano.edu.br\/unidades\/lapa\/wp-json\/wp\/v2\/posts"}],"about":[{"href":"https:\/\/www.ifbaiano.edu.br\/unidades\/lapa\/wp-json\/wp\/v2\/types\/post"}],"author":[{"embeddable":true,"href":"https:\/\/www.ifbaiano.edu.br\/unidades\/lapa\/wp-json\/wp\/v2\/users\/36"}],"replies":[{"embeddable":true,"href":"https:\/\/www.ifbaiano.edu.br\/unidades\/lapa\/wp-json\/wp\/v2\/comments?post=3224"}],"version-history":[{"count":2,"href":"https:\/\/www.ifbaiano.edu.br\/unidades\/lapa\/wp-json\/wp\/v2\/posts\/3224\/revisions"}],"predecessor-version":[{"id":3226,"href":"https:\/\/www.ifbaiano.edu.br\/unidades\/lapa\/wp-json\/wp\/v2\/posts\/3224\/revisions\/3226"}],"wp:attachment":[{"href":"https:\/\/www.ifbaiano.edu.br\/unidades\/lapa\/wp-json\/wp\/v2\/media?parent=3224"}],"wp:term":[{"taxonomy":"category","embeddable":true,"href":"https:\/\/www.ifbaiano.edu.br\/unidades\/lapa\/wp-json\/wp\/v2\/categories?post=3224"},{"taxonomy":"post_tag","embeddable":true,"href":"https:\/\/www.ifbaiano.edu.br\/unidades\/lapa\/wp-json\/wp\/v2\/tags?post=3224"}],"curies":[{"name":"wp","href":"https:\/\/api.w.org\/{rel}","templated":true}]}}