{"id":3227,"date":"2015-05-26T10:55:10","date_gmt":"2015-05-26T12:55:10","guid":{"rendered":"http:\/\/www.ifbaiano.edu.br\/unidades\/lapa\/?p=3227"},"modified":"2015-05-26T10:55:10","modified_gmt":"2015-05-26T12:55:10","slug":"aula-inaugural-da-pos-graduacao-em-inovacao-social-com-enfase-em-economia-solidaria-e-agroecologia","status":"publish","type":"post","link":"https:\/\/www.ifbaiano.edu.br\/unidades\/lapa\/2015\/05\/26\/aula-inaugural-da-pos-graduacao-em-inovacao-social-com-enfase-em-economia-solidaria-e-agroecologia\/","title":{"rendered":"Aula Inaugural da P\u00f3s-Gradua\u00e7\u00e3o em Inova\u00e7\u00e3o Social com \u00canfase em Economia Solid\u00e1ria e Agroecologia"},"content":{"rendered":"<p>Evento aconteceu no \u00faltimo dia 23 de maio de 2015, no Audit\u00f3rio do Campus.<\/p>\n<p><!--more--><\/p>\n<p>Participaram do evento estudantes, diretores de institui\u00e7\u00f5es p\u00fablicas de ensino, representantes de associa\u00e7\u00f5es, autoridades pol\u00edticas e sociedade civil em geral.<\/p>\n<p>A especializa\u00e7\u00e3o, que ter\u00e1 uma dura\u00e7\u00e3o de 18 meses, atende a 40 estudantes e busca aperfei\u00e7oar educadores, extensionistas, gestores p\u00fablicos, atores sociais, etc., possibilitando uma an\u00e1lise cr\u00edtica das pol\u00edticas p\u00fablicas e a constru\u00e7\u00e3o dial\u00f3gica de estrat\u00e9gias de inova\u00e7\u00e3o social para o semi\u00e1rido do Territ\u00f3rio Velho Chico a partir da agroecologia e da economia solid\u00e1ria. Os pressupostos metodol\u00f3gicos fundamentais s\u00e3o a rela\u00e7\u00e3o teoria-pr\u00e1tica, a interdisciplinaridade e a pesquisa como princ\u00edpio pedag\u00f3gico e educativo.<\/p>\n<p>Para o Diretor Geral, Professor Ariomar Rodrigues dos Santos, a implanta\u00e7\u00e3o da especializa\u00e7\u00e3o \u201crepresenta um salto qualitativo na a\u00e7\u00e3o educacional do Campus Bom Jesus da Lapa, na medida em que congrega diversos atores sociais e educacionais num espa\u00e7o educativo que proporcionar\u00e1 importantes viv\u00eancias de interven\u00e7\u00e3o em comunidades e arranjos produtivos presentes no Territ\u00f3rio de Cidadania Velho Chico e territ\u00f3rios vizinhos.\u201d.<\/p>\n\n\t\t<style type=\"text\/css\">\n\t\t\t#gallery-1 {\n\t\t\t\tmargin: auto;\n\t\t\t}\n\t\t\t#gallery-1 .gallery-item {\n\t\t\t\tfloat: left;\n\t\t\t\tmargin-top: 10px;\n\t\t\t\ttext-align: center;\n\t\t\t\twidth: 50%;\n\t\t\t}\n\t\t\t#gallery-1 img {\n\t\t\t\tborder: 2px solid #cfcfcf;\n\t\t\t}\n\t\t\t#gallery-1 .gallery-caption {\n\t\t\t\tmargin-left: 0;\n\t\t\t}\n\t\t\t\/* see gallery_shortcode() in wp-includes\/media.php *\/\n\t\t<\/style>\n\t\t<div id='gallery-1' class='gallery galleryid-3227 gallery-columns-2 gallery-size-thumbnail'><dl class='gallery-item'>\n\t\t\t<dt class='gallery-icon landscape'>\n\t\t\t\t<a href='https:\/\/www.ifbaiano.edu.br\/unidades\/lapa\/files\/2015\/05\/1.jpg'><img width=\"150\" height=\"150\" src=\"https:\/\/www.ifbaiano.edu.br\/unidades\/lapa\/files\/2015\/05\/1-150x150.jpg\" class=\"attachment-thumbnail size-thumbnail\" alt=\"\" decoding=\"async\" loading=\"lazy\" \/><\/a>\n\t\t\t<\/dt><\/dl><dl class='gallery-item'>\n\t\t\t<dt class='gallery-icon landscape'>\n\t\t\t\t<a href='https:\/\/www.ifbaiano.edu.br\/unidades\/lapa\/files\/2015\/05\/2.jpg'><img width=\"150\" height=\"150\" src=\"https:\/\/www.ifbaiano.edu.br\/unidades\/lapa\/files\/2015\/05\/2-150x150.jpg\" class=\"attachment-thumbnail size-thumbnail\" alt=\"\" decoding=\"async\" loading=\"lazy\" \/><\/a>\n\t\t\t<\/dt><\/dl><br style=\"clear: both\" \/><dl class='gallery-item'>\n\t\t\t<dt class='gallery-icon landscape'>\n\t\t\t\t<a href='https:\/\/www.ifbaiano.edu.br\/unidades\/lapa\/files\/2015\/05\/3.jpg'><img width=\"150\" height=\"150\" src=\"https:\/\/www.ifbaiano.edu.br\/unidades\/lapa\/files\/2015\/05\/3-150x150.jpg\" class=\"attachment-thumbnail size-thumbnail\" alt=\"\" decoding=\"async\" loading=\"lazy\" \/><\/a>\n\t\t\t<\/dt><\/dl><dl class='gallery-item'>\n\t\t\t<dt class='gallery-icon landscape'>\n\t\t\t\t<a href='https:\/\/www.ifbaiano.edu.br\/unidades\/lapa\/files\/2015\/05\/4.jpg'><img width=\"150\" height=\"150\" src=\"https:\/\/www.ifbaiano.edu.br\/unidades\/lapa\/files\/2015\/05\/4-150x150.jpg\" class=\"attachment-thumbnail size-thumbnail\" alt=\"\" decoding=\"async\" loading=\"lazy\" \/><\/a>\n\t\t\t<\/dt><\/dl><br style=\"clear: both\" \/>\n\t\t<\/div>\n\n<p>&nbsp;<\/p>\n<p>&nbsp;<\/p>\n<p>&nbsp;<\/p>\n","protected":false},"excerpt":{"rendered":"<p>Evento aconteceu no \u00faltimo dia 23 de maio de 2015, no Audit\u00f3rio do Campus.<\/p>\n","protected":false},"author":36,"featured_media":0,"comment_status":"open","ping_status":"open","sticky":false,"template":"","format":"standard","meta":[],"categories":[39],"tags":[],"_links":{"self":[{"href":"https:\/\/www.ifbaiano.edu.br\/unidades\/lapa\/wp-json\/wp\/v2\/posts\/3227"}],"collection":[{"href":"https:\/\/www.ifbaiano.edu.br\/unidades\/lapa\/wp-json\/wp\/v2\/posts"}],"about":[{"href":"https:\/\/www.ifbaiano.edu.br\/unidades\/lapa\/wp-json\/wp\/v2\/types\/post"}],"author":[{"embeddable":true,"href":"https:\/\/www.ifbaiano.edu.br\/unidades\/lapa\/wp-json\/wp\/v2\/users\/36"}],"replies":[{"embeddable":true,"href":"https:\/\/www.ifbaiano.edu.br\/unidades\/lapa\/wp-json\/wp\/v2\/comments?post=3227"}],"version-history":[{"count":1,"href":"https:\/\/www.ifbaiano.edu.br\/unidades\/lapa\/wp-json\/wp\/v2\/posts\/3227\/revisions"}],"predecessor-version":[{"id":3233,"href":"https:\/\/www.ifbaiano.edu.br\/unidades\/lapa\/wp-json\/wp\/v2\/posts\/3227\/revisions\/3233"}],"wp:attachment":[{"href":"https:\/\/www.ifbaiano.edu.br\/unidades\/lapa\/wp-json\/wp\/v2\/media?parent=3227"}],"wp:term":[{"taxonomy":"category","embeddable":true,"href":"https:\/\/www.ifbaiano.edu.br\/unidades\/lapa\/wp-json\/wp\/v2\/categories?post=3227"},{"taxonomy":"post_tag","embeddable":true,"href":"https:\/\/www.ifbaiano.edu.br\/unidades\/lapa\/wp-json\/wp\/v2\/tags?post=3227"}],"curies":[{"name":"wp","href":"https:\/\/api.w.org\/{rel}","templated":true}]}}