{"id":3244,"date":"2015-05-27T15:51:32","date_gmt":"2015-05-27T17:51:32","guid":{"rendered":"http:\/\/www.ifbaiano.edu.br\/unidades\/lapa\/?p=3244"},"modified":"2015-05-27T15:51:32","modified_gmt":"2015-05-27T17:51:32","slug":"fiquem-ligados-inscricoes-no-paise-ate-o-dia-2805","status":"publish","type":"post","link":"https:\/\/www.ifbaiano.edu.br\/unidades\/lapa\/2015\/05\/27\/fiquem-ligados-inscricoes-no-paise-ate-o-dia-2805\/","title":{"rendered":"Fiquem Ligados! Inscri\u00e7\u00f5es no PAISE at\u00e9 o dia 28\/05!"},"content":{"rendered":"<p>PAISE 2015: o\u00a0per\u00edodo de inscri\u00e7\u00f5es encerra-se dia 28\/05\/2015 (quinta-feira).<\/p>\n<p><!--more--><\/p>\n<p>Maiores informa\u00e7\u00f5es no seguinte link:<\/p>\n<p><a href=\"http:\/\/www.ifbaiano.edu.br\/unidades\/lapa\/2015\/05\/16\/paise-edital-0072015\/\">ACESSE AQUI O EDITAL E MAIORES INFORMA\u00c7\u00d5ES<\/a><\/p>\n","protected":false},"excerpt":{"rendered":"<p>PAISE 2015: o\u00a0per\u00edodo de inscri\u00e7\u00f5es encerra-se dia 28\/05\/2015 (quinta-feira).<\/p>\n","protected":false},"author":36,"featured_media":0,"comment_status":"open","ping_status":"open","sticky":false,"template":"","format":"standard","meta":[],"categories":[1],"tags":[],"_links":{"self":[{"href":"https:\/\/www.ifbaiano.edu.br\/unidades\/lapa\/wp-json\/wp\/v2\/posts\/3244"}],"collection":[{"href":"https:\/\/www.ifbaiano.edu.br\/unidades\/lapa\/wp-json\/wp\/v2\/posts"}],"about":[{"href":"https:\/\/www.ifbaiano.edu.br\/unidades\/lapa\/wp-json\/wp\/v2\/types\/post"}],"author":[{"embeddable":true,"href":"https:\/\/www.ifbaiano.edu.br\/unidades\/lapa\/wp-json\/wp\/v2\/users\/36"}],"replies":[{"embeddable":true,"href":"https:\/\/www.ifbaiano.edu.br\/unidades\/lapa\/wp-json\/wp\/v2\/comments?post=3244"}],"version-history":[{"count":1,"href":"https:\/\/www.ifbaiano.edu.br\/unidades\/lapa\/wp-json\/wp\/v2\/posts\/3244\/revisions"}],"predecessor-version":[{"id":3245,"href":"https:\/\/www.ifbaiano.edu.br\/unidades\/lapa\/wp-json\/wp\/v2\/posts\/3244\/revisions\/3245"}],"wp:attachment":[{"href":"https:\/\/www.ifbaiano.edu.br\/unidades\/lapa\/wp-json\/wp\/v2\/media?parent=3244"}],"wp:term":[{"taxonomy":"category","embeddable":true,"href":"https:\/\/www.ifbaiano.edu.br\/unidades\/lapa\/wp-json\/wp\/v2\/categories?post=3244"},{"taxonomy":"post_tag","embeddable":true,"href":"https:\/\/www.ifbaiano.edu.br\/unidades\/lapa\/wp-json\/wp\/v2\/tags?post=3244"}],"curies":[{"name":"wp","href":"https:\/\/api.w.org\/{rel}","templated":true}]}}