{"id":3247,"date":"2015-05-28T23:40:34","date_gmt":"2015-05-29T01:40:34","guid":{"rendered":"http:\/\/www.ifbaiano.edu.br\/unidades\/lapa\/?p=3247"},"modified":"2015-06-01T18:35:17","modified_gmt":"2015-06-01T20:35:17","slug":"campus-lapa-dara-inicio-as-atividades-do-curso-de-bacharelado-em-agronomia","status":"publish","type":"post","link":"https:\/\/www.ifbaiano.edu.br\/unidades\/lapa\/2015\/05\/28\/campus-lapa-dara-inicio-as-atividades-do-curso-de-bacharelado-em-agronomia\/","title":{"rendered":"Campus Lapa dar\u00e1 in\u00edcio \u00e0s atividades do Curso de Bacharelado em Engenharia Agron\u00f4mica"},"content":{"rendered":"<p>Curso foi aprovado atrav\u00e9s da Resolu\u00e7\u00e3o CONSUP 12\/2015, de 07 de maio de 2015.<\/p>\n<p><!--more--><\/p>\n<p>O IF Baiano \u2013 Campus Bom Jesus da Lapa aprovou, no \u00faltimo dia 05 de maio de 2015, atrav\u00e9s da Resolu\u00e7\u00e3o CONSUP 012\/2015, a implanta\u00e7\u00e3o do curso Superior em Engenharia Agron\u00f4mica.<\/p>\n<p>A implanta\u00e7\u00e3o do curso representa uma importante conquista para a comunidade de Bom Jesus da Lapa e dos munic\u00edpios do Territ\u00f3rio da Cidadania Velho Chico e demais territ\u00f3rios vizinhos, uma vez que concretizar\u00e1 o atendimento \u00e0s demandas de qualifica\u00e7\u00e3o de uma regi\u00e3o historicamente desprovida de pol\u00edticas consistentes no que diz respeito \u00e0 democratiza\u00e7\u00e3o do acesso ao Ensino Superior.<\/p>\n<p>Os maiores benefici\u00e1rios da a\u00e7\u00e3o ser\u00e3o os territ\u00f3rios Velho Chico e Bacia do Rio Corrente, notadamente pela exist\u00eancia de uma diversidade sociocultural e produtiva, como comunidades quilombolas, assentamentos de reforma agr\u00e1ria, comunidades ind\u00edgenas, fundos de pasto, agroextrativistas e ribeirinhos. O Curso de Bacharelado em Agronomia j\u00e1 era uma demanda antiga dessas comunidades, conforme constatado nos estudos de demanda realizados, sendo o \u00faltimo em julho de 2014.<\/p>\n<p>O curso ter\u00e1 a dura\u00e7\u00e3o de 05 anos e a sele\u00e7\u00e3o ser\u00e1 anual. As atividades ter\u00e3o in\u00edcio no segundo semestre letivo do ano de 2015.<\/p>\n<p>O ingresso ser\u00e1 feito de duas formas: 50% das vagas pelo <strong>Sistema de Sele\u00e7\u00e3o Unificada<\/strong>\u00a0 &#8211; SISU e 50% atrav\u00e9s de Cotas Regionais, cuja sele\u00e7\u00e3o ser\u00e1 realizada por sistema espec\u00edfico da Reitoria do IF Baiano, por\u00e9m utilizando tamb\u00e9m a nota do Exame Nacional do Ensino M\u00e9dio\u00a0 &#8211; ENEM.<\/p>\n<p>Para se inscrever a uma das 40 vagas ofertadas no segundo semestre de 2015, os candidatos dever\u00e3o ter realizado o ENEM no ano de 2014. Para ingresso na turma do ano de 2016, os candidatos dever\u00e3o realizar o ENEM 2015. Portanto, fiquem atentos!<\/p>\n<p>As inscri\u00e7\u00f5es do\u00a0<strong>SISU 2015 <\/strong>do Segundo Semestre t\u00eam in\u00edcio previsto para o dia 08 de junho e t\u00e9rmino para o dia 10. Logo em seguida, a reitoria realizar\u00e1 o processo seletivo para as demais vagas.<\/p>\n<p>&nbsp;<\/p>\n<p><a href=\"http:\/\/www.ifbaiano.edu.br\/unidades\/lapa\/files\/2015\/05\/resolucaoagronomia.pdf\">ACESSEM AQUI A RESOLU\u00c7\u00c3O<\/a><\/p>\n<p>&nbsp;<\/p>\n<p><a href=\"http:\/\/www.ifbaiano.edu.br\/unidades\/lapa\/files\/2015\/05\/cronograma-sisu.png\">ACESSEM O CRONOGRAMA DE SELE\u00c7\u00c3O DO SISU\u00a0<\/a><\/p>\n<p>&nbsp;<\/p>\n","protected":false},"excerpt":{"rendered":"<p>Curso foi aprovado atrav\u00e9s da Resolu\u00e7\u00e3o CONSUP 12\/2015, de 07 de maio de 2015.<\/p>\n","protected":false},"author":36,"featured_media":0,"comment_status":"open","ping_status":"open","sticky":false,"template":"","format":"standard","meta":[],"categories":[1],"tags":[],"_links":{"self":[{"href":"https:\/\/www.ifbaiano.edu.br\/unidades\/lapa\/wp-json\/wp\/v2\/posts\/3247"}],"collection":[{"href":"https:\/\/www.ifbaiano.edu.br\/unidades\/lapa\/wp-json\/wp\/v2\/posts"}],"about":[{"href":"https:\/\/www.ifbaiano.edu.br\/unidades\/lapa\/wp-json\/wp\/v2\/types\/post"}],"author":[{"embeddable":true,"href":"https:\/\/www.ifbaiano.edu.br\/unidades\/lapa\/wp-json\/wp\/v2\/users\/36"}],"replies":[{"embeddable":true,"href":"https:\/\/www.ifbaiano.edu.br\/unidades\/lapa\/wp-json\/wp\/v2\/comments?post=3247"}],"version-history":[{"count":4,"href":"https:\/\/www.ifbaiano.edu.br\/unidades\/lapa\/wp-json\/wp\/v2\/posts\/3247\/revisions"}],"predecessor-version":[{"id":3250,"href":"https:\/\/www.ifbaiano.edu.br\/unidades\/lapa\/wp-json\/wp\/v2\/posts\/3247\/revisions\/3250"}],"wp:attachment":[{"href":"https:\/\/www.ifbaiano.edu.br\/unidades\/lapa\/wp-json\/wp\/v2\/media?parent=3247"}],"wp:term":[{"taxonomy":"category","embeddable":true,"href":"https:\/\/www.ifbaiano.edu.br\/unidades\/lapa\/wp-json\/wp\/v2\/categories?post=3247"},{"taxonomy":"post_tag","embeddable":true,"href":"https:\/\/www.ifbaiano.edu.br\/unidades\/lapa\/wp-json\/wp\/v2\/tags?post=3247"}],"curies":[{"name":"wp","href":"https:\/\/api.w.org\/{rel}","templated":true}]}}