{"id":3469,"date":"2015-06-12T23:39:05","date_gmt":"2015-06-13T01:39:05","guid":{"rendered":"http:\/\/www.ifbaiano.edu.br\/unidades\/lapa\/?p=3469"},"modified":"2015-06-13T10:06:49","modified_gmt":"2015-06-13T12:06:49","slug":"campus-lapa-publica-edital-de-matriculas-de-candidatos-para-o-semestre-2015-2-2","status":"publish","type":"post","link":"https:\/\/www.ifbaiano.edu.br\/unidades\/lapa\/2015\/06\/12\/campus-lapa-publica-edital-de-matriculas-de-candidatos-para-o-semestre-2015-2-2\/","title":{"rendered":"Campus Lapa publica Edital de Matr\u00edculas de candidatos para o Semestre 2015.2"},"content":{"rendered":"<p>A Dire\u00e7\u00e3o Geral do Campus Bom Jesus da Lapa torna p\u00fablico o Edital 10\/2015, convocando candidatos aprovados e classificados no Processo Seletivo 2015 para efetuarem suas matr\u00edculas.<\/p>\n<p><a title=\"Edital 2015.2\" href=\"http:\/\/www.ifbaiano.edu.br\/unidades\/lapa\/files\/2015\/06\/EDITAL-DE-MATRICULA-BJL-2015.2.pdf\" target=\"_blank\">Acessem aqui o Edital<\/a><br \/>\n<a title=\"1\u00aa CHAMADA 2015.2\" href=\"http:\/\/www.ifbaiano.edu.br\/unidades\/lapa\/files\/2015\/06\/lista-primeira-chamada.pdf\" target=\"_blank\">Acessem aqui lista de primeira chamada<br \/>\n<\/a><\/p>\n<hr \/>\n","protected":false},"excerpt":{"rendered":"<p>A Dire\u00e7\u00e3o Geral do Campus Bom Jesus da Lapa torna p\u00fablico o Edital 10\/2015, convocando candidatos aprovados e classificados no Processo Seletivo 2015 para efetuarem suas matr\u00edculas. Acessem aqui o Edital Acessem aqui lista de primeira chamada<\/p>\n","protected":false},"author":65,"featured_media":0,"comment_status":"open","ping_status":"open","sticky":false,"template":"","format":"standard","meta":[],"categories":[1],"tags":[],"_links":{"self":[{"href":"https:\/\/www.ifbaiano.edu.br\/unidades\/lapa\/wp-json\/wp\/v2\/posts\/3469"}],"collection":[{"href":"https:\/\/www.ifbaiano.edu.br\/unidades\/lapa\/wp-json\/wp\/v2\/posts"}],"about":[{"href":"https:\/\/www.ifbaiano.edu.br\/unidades\/lapa\/wp-json\/wp\/v2\/types\/post"}],"author":[{"embeddable":true,"href":"https:\/\/www.ifbaiano.edu.br\/unidades\/lapa\/wp-json\/wp\/v2\/users\/65"}],"replies":[{"embeddable":true,"href":"https:\/\/www.ifbaiano.edu.br\/unidades\/lapa\/wp-json\/wp\/v2\/comments?post=3469"}],"version-history":[{"count":11,"href":"https:\/\/www.ifbaiano.edu.br\/unidades\/lapa\/wp-json\/wp\/v2\/posts\/3469\/revisions"}],"predecessor-version":[{"id":3483,"href":"https:\/\/www.ifbaiano.edu.br\/unidades\/lapa\/wp-json\/wp\/v2\/posts\/3469\/revisions\/3483"}],"wp:attachment":[{"href":"https:\/\/www.ifbaiano.edu.br\/unidades\/lapa\/wp-json\/wp\/v2\/media?parent=3469"}],"wp:term":[{"taxonomy":"category","embeddable":true,"href":"https:\/\/www.ifbaiano.edu.br\/unidades\/lapa\/wp-json\/wp\/v2\/categories?post=3469"},{"taxonomy":"post_tag","embeddable":true,"href":"https:\/\/www.ifbaiano.edu.br\/unidades\/lapa\/wp-json\/wp\/v2\/tags?post=3469"}],"curies":[{"name":"wp","href":"https:\/\/api.w.org\/{rel}","templated":true}]}}