{"id":3504,"date":"2015-06-18T17:46:45","date_gmt":"2015-06-18T19:46:45","guid":{"rendered":"http:\/\/www.ifbaiano.edu.br\/unidades\/lapa\/?p=3504"},"modified":"2015-06-18T17:46:45","modified_gmt":"2015-06-18T19:46:45","slug":"eleicao-da-comissao-propria-de-avaliacao-do-if-baiano","status":"publish","type":"post","link":"https:\/\/www.ifbaiano.edu.br\/unidades\/lapa\/2015\/06\/18\/eleicao-da-comissao-propria-de-avaliacao-do-if-baiano\/","title":{"rendered":"Elei\u00e7\u00e3o da Comiss\u00e3o Pr\u00f3pria de Avalia\u00e7\u00e3o do IF Baiano"},"content":{"rendered":"<p>A Comiss\u00e3o Eleitoral Local, no uso de suas atribui\u00e7\u00f5es, comunica que est\u00e3o abertas as inscri\u00e7\u00f5es para candidatura de representantes docentes, t\u00e9cnicos administrativos, discentes e sociedade civil para concorrer a vagas de membros da Comiss\u00e3o Pr\u00f3pria de Avalia\u00e7\u00e3o (CPA) do IF Baiano.<\/p>\n<p><!--more--><\/p>\n<p><strong>Per\u00edodo de Inscri\u00e7\u00e3o<\/strong>: 19 de junho a 08 de julho de 2015.<\/p>\n<p>Para se inscrever o candidato dever\u00e1 preencher a ficha de Inscri\u00e7\u00e3o pr\u00f3pria (servidor ou discente), anexo II e III do Edital de Convoca\u00e7\u00e3o e Normas No 44, de 12 junho de 2015. Os requisitos para registro de candidatura encontram-se nas se\u00e7\u00f5es 4 e 5 do referido edital. Todos os documentos dever\u00e3o ser digitalizados no formato PDF e encaminhados \u00e0 Comiss\u00e3o Eleitoral local atrav\u00e9s do endere\u00e7o eletr\u00f4nico &lt;<a href=\"mailto:cecpa@lapa.ifbaiano.edu.br\">cecpa@lapa.ifbaiano.edu.br<\/a>&gt;\u00a0. C\u00f3pias das fichas de inscri\u00e7\u00e3o e demais documentos referentes ao pleito ser\u00e3o disponibilizadas na Secretaria Acad\u00eamica do Campus.<\/p>\n<p><a href=\"http:\/\/www.ifbaiano.edu.br\/unidades\/lapa\/files\/2015\/06\/edital_cpa.pdf\">Acesse Aqui o Edital<\/a><\/p>\n<p><a href=\"http:\/\/www.ifbaiano.edu.br\/unidades\/lapa\/files\/2015\/06\/regimento.pdf\">Acesse Aqui o Regimento da CPA<\/a><\/p>\n","protected":false},"excerpt":{"rendered":"<p>A Comiss\u00e3o Eleitoral Local, no uso de suas atribui\u00e7\u00f5es, comunica que est\u00e3o abertas as inscri\u00e7\u00f5es para candidatura de representantes docentes, t\u00e9cnicos administrativos, discentes e sociedade civil para concorrer a vagas de membros da Comiss\u00e3o Pr\u00f3pria de Avalia\u00e7\u00e3o (CPA) do IF Baiano.<\/p>\n","protected":false},"author":36,"featured_media":0,"comment_status":"open","ping_status":"open","sticky":false,"template":"","format":"standard","meta":[],"categories":[1],"tags":[],"_links":{"self":[{"href":"https:\/\/www.ifbaiano.edu.br\/unidades\/lapa\/wp-json\/wp\/v2\/posts\/3504"}],"collection":[{"href":"https:\/\/www.ifbaiano.edu.br\/unidades\/lapa\/wp-json\/wp\/v2\/posts"}],"about":[{"href":"https:\/\/www.ifbaiano.edu.br\/unidades\/lapa\/wp-json\/wp\/v2\/types\/post"}],"author":[{"embeddable":true,"href":"https:\/\/www.ifbaiano.edu.br\/unidades\/lapa\/wp-json\/wp\/v2\/users\/36"}],"replies":[{"embeddable":true,"href":"https:\/\/www.ifbaiano.edu.br\/unidades\/lapa\/wp-json\/wp\/v2\/comments?post=3504"}],"version-history":[{"count":2,"href":"https:\/\/www.ifbaiano.edu.br\/unidades\/lapa\/wp-json\/wp\/v2\/posts\/3504\/revisions"}],"predecessor-version":[{"id":3508,"href":"https:\/\/www.ifbaiano.edu.br\/unidades\/lapa\/wp-json\/wp\/v2\/posts\/3504\/revisions\/3508"}],"wp:attachment":[{"href":"https:\/\/www.ifbaiano.edu.br\/unidades\/lapa\/wp-json\/wp\/v2\/media?parent=3504"}],"wp:term":[{"taxonomy":"category","embeddable":true,"href":"https:\/\/www.ifbaiano.edu.br\/unidades\/lapa\/wp-json\/wp\/v2\/categories?post=3504"},{"taxonomy":"post_tag","embeddable":true,"href":"https:\/\/www.ifbaiano.edu.br\/unidades\/lapa\/wp-json\/wp\/v2\/tags?post=3504"}],"curies":[{"name":"wp","href":"https:\/\/api.w.org\/{rel}","templated":true}]}}