{"id":3509,"date":"2015-06-19T23:03:46","date_gmt":"2015-06-20T01:03:46","guid":{"rendered":"http:\/\/www.ifbaiano.edu.br\/unidades\/lapa\/?p=3509"},"modified":"2015-06-19T23:06:57","modified_gmt":"2015-06-20T01:06:57","slug":"3509","status":"publish","type":"post","link":"https:\/\/www.ifbaiano.edu.br\/unidades\/lapa\/2015\/06\/19\/3509\/","title":{"rendered":"Alunos do Campus participam do Congresso da UNE"},"content":{"rendered":"<p>Alunos do Campus Bom Jesus da Lapa integram delega\u00e7\u00e3o do IF Baiano que participou do Congresso da UNE, ocorrido em Goi\u00e2nia, de 3 a 7 de junho.<\/p>\n<p><!--more-->O evento teve a dura\u00e7\u00e3o de 05 dias e foi marcado por debates intensos e discuss\u00e3o sobre os assuntos mais caros \u00e0 juventude brasileira. O maior encontro do movimento estudantil brasileiro reuniu mais de 10 mil estudantes e contou com a realiza\u00e7\u00e3o de oficinas tem\u00e1ticas, mostras visuais, espet\u00e1culos teatrais e musicais. Na oportunidade, foi realizada a vota\u00e7\u00e3o da nova presid\u00eancia da UNE, sendo eleita Carina Vitral. Segundo os alunos Bruno Vanderlei e Igor dos Santos, o evento possibilitou a integra\u00e7\u00e3o de informa\u00e7\u00f5es que contribu\u00edram para a consolida\u00e7\u00e3o da forma\u00e7\u00e3o t\u00e9cnica e o enriquecimento de seus curr\u00edculos.<\/p>\n<p><a href=\"http:\/\/www.ifbaiano.edu.br\/unidades\/lapa\/files\/2015\/06\/foto-evento.jpg\"><img decoding=\"async\" loading=\"lazy\" class=\"alignright size-full wp-image-3510\" src=\"http:\/\/www.ifbaiano.edu.br\/unidades\/lapa\/files\/2015\/06\/foto-evento.jpg\" alt=\"\" width=\"629\" height=\"354\" srcset=\"https:\/\/www.ifbaiano.edu.br\/unidades\/lapa\/files\/2015\/06\/foto-evento.jpg 1280w, https:\/\/www.ifbaiano.edu.br\/unidades\/lapa\/files\/2015\/06\/foto-evento-300x168.jpg 300w, https:\/\/www.ifbaiano.edu.br\/unidades\/lapa\/files\/2015\/06\/foto-evento-1024x576.jpg 1024w, https:\/\/www.ifbaiano.edu.br\/unidades\/lapa\/files\/2015\/06\/foto-evento-400x225.jpg 400w\" sizes=\"(max-width: 629px) 100vw, 629px\" \/><\/a><\/p>\n","protected":false},"excerpt":{"rendered":"<p>Alunos do Campus Bom Jesus da Lapa integram delega\u00e7\u00e3o do IF Baiano que participou do Congresso da UNE, ocorrido em Goi\u00e2nia, de 3 a 7 de junho.<\/p>\n","protected":false},"author":36,"featured_media":0,"comment_status":"open","ping_status":"open","sticky":false,"template":"","format":"standard","meta":[],"categories":[39],"tags":[],"_links":{"self":[{"href":"https:\/\/www.ifbaiano.edu.br\/unidades\/lapa\/wp-json\/wp\/v2\/posts\/3509"}],"collection":[{"href":"https:\/\/www.ifbaiano.edu.br\/unidades\/lapa\/wp-json\/wp\/v2\/posts"}],"about":[{"href":"https:\/\/www.ifbaiano.edu.br\/unidades\/lapa\/wp-json\/wp\/v2\/types\/post"}],"author":[{"embeddable":true,"href":"https:\/\/www.ifbaiano.edu.br\/unidades\/lapa\/wp-json\/wp\/v2\/users\/36"}],"replies":[{"embeddable":true,"href":"https:\/\/www.ifbaiano.edu.br\/unidades\/lapa\/wp-json\/wp\/v2\/comments?post=3509"}],"version-history":[{"count":7,"href":"https:\/\/www.ifbaiano.edu.br\/unidades\/lapa\/wp-json\/wp\/v2\/posts\/3509\/revisions"}],"predecessor-version":[{"id":3517,"href":"https:\/\/www.ifbaiano.edu.br\/unidades\/lapa\/wp-json\/wp\/v2\/posts\/3509\/revisions\/3517"}],"wp:attachment":[{"href":"https:\/\/www.ifbaiano.edu.br\/unidades\/lapa\/wp-json\/wp\/v2\/media?parent=3509"}],"wp:term":[{"taxonomy":"category","embeddable":true,"href":"https:\/\/www.ifbaiano.edu.br\/unidades\/lapa\/wp-json\/wp\/v2\/categories?post=3509"},{"taxonomy":"post_tag","embeddable":true,"href":"https:\/\/www.ifbaiano.edu.br\/unidades\/lapa\/wp-json\/wp\/v2\/tags?post=3509"}],"curies":[{"name":"wp","href":"https:\/\/api.w.org\/{rel}","templated":true}]}}