{"id":3518,"date":"2015-06-23T16:45:22","date_gmt":"2015-06-23T18:45:22","guid":{"rendered":"http:\/\/www.ifbaiano.edu.br\/unidades\/lapa\/?p=3518"},"modified":"2015-06-23T16:45:22","modified_gmt":"2015-06-23T18:45:22","slug":"segunda-chamada-de-matriculas-campus-bom-jesus-da-lapa-2","status":"publish","type":"post","link":"https:\/\/www.ifbaiano.edu.br\/unidades\/lapa\/2015\/06\/23\/segunda-chamada-de-matriculas-campus-bom-jesus-da-lapa-2\/","title":{"rendered":"Segunda Chamada de Matr\u00edculas &#8211; Campus Bom Jesus da Lapa"},"content":{"rendered":"<p>A Dire\u00e7\u00e3o Geral do IF Baiano &#8211; Campus Bom Jesus da Lapa torna p\u00fablica a segunda-chamada de matr\u00edculas do Curso T\u00e9cnico em Agricultura semestre 2015.2.<\/p>\n<p><!--more--><\/p>\n<p><a href=\"http:\/\/www.ifbaiano.edu.br\/unidades\/lapa\/files\/2015\/06\/segunda-chamada.pdf\">ACESSEM AQUI O ARQUIVO!<\/a><\/p>\n<p>&nbsp;<\/p>\n<p>DOCUMENTA\u00c7\u00c3O NECESS\u00c1RIA PARA MATR\u00cdCULA:<\/p>\n<p>&nbsp;<\/p>\n<p>No ato da matr\u00edcula, o candidato dever\u00e1 preencher a ficha de cadastro fornecida pela SRA e o Question\u00e1rio Socioecon\u00f4mico e apresentar original e c\u00f3pia dos seguintes documentos:<\/p>\n<p>a) Hist\u00f3rico Escolar do Ensino M\u00e9dio e\/ou Atestado de Conclus\u00e3o (provisoriamente), emitido por Institui\u00e7\u00e3o Oficial de Ensino;<\/p>\n<p>b) Carteira de Identidade &#8211; RG e Cadastro de Pessoa F\u00edsica &#8211; CPF;<\/p>\n<p>c) Certid\u00e3o de Nascimento ou Casamento;<\/p>\n<p>d) T\u00edtulo de Eleitor e Certid\u00e3o de Quita\u00e7\u00e3o Eleitoral, para maiores de 18 anos (solicitar no cart\u00f3rio eleitoral ou no site: <a href=\"http:\/\/www.tre-ba.gov.br\/\">www.tre-ba.gov.br<\/a>).<\/p>\n<p>e) Documento comprobat\u00f3rio de regularidade com o Servi\u00e7o Militar, para os alunos a partir dos 18 (dezoito) anos do sexo masculino;<\/p>\n<p>f) Procura\u00e7\u00e3o com firma reconhecida, quando a matr\u00edcula for efetuada por terceiros;<\/p>\n<p>g) Comprovante de Resid\u00eancia;<\/p>\n<p>h) 06 (seis) fotos 3&#215;4 iguais e recentes;<\/p>\n<p>i) CPF e RG dos respons\u00e1veis pelos menores de 18 (dezoito anos);<\/p>\n<p>j) Certifica\u00e7\u00e3o de Conclus\u00e3o do Ensino M\u00e9dio com base nas notas do Exame Nacional do Ensino M\u00e9dio \u2013 ENEM, se for o caso.<\/p>\n","protected":false},"excerpt":{"rendered":"<p>A Dire\u00e7\u00e3o Geral do IF Baiano &#8211; Campus Bom Jesus da Lapa torna p\u00fablica a segunda-chamada de matr\u00edculas do Curso T\u00e9cnico em Agricultura semestre 2015.2.<\/p>\n","protected":false},"author":36,"featured_media":0,"comment_status":"open","ping_status":"open","sticky":false,"template":"","format":"standard","meta":[],"categories":[39],"tags":[],"_links":{"self":[{"href":"https:\/\/www.ifbaiano.edu.br\/unidades\/lapa\/wp-json\/wp\/v2\/posts\/3518"}],"collection":[{"href":"https:\/\/www.ifbaiano.edu.br\/unidades\/lapa\/wp-json\/wp\/v2\/posts"}],"about":[{"href":"https:\/\/www.ifbaiano.edu.br\/unidades\/lapa\/wp-json\/wp\/v2\/types\/post"}],"author":[{"embeddable":true,"href":"https:\/\/www.ifbaiano.edu.br\/unidades\/lapa\/wp-json\/wp\/v2\/users\/36"}],"replies":[{"embeddable":true,"href":"https:\/\/www.ifbaiano.edu.br\/unidades\/lapa\/wp-json\/wp\/v2\/comments?post=3518"}],"version-history":[{"count":2,"href":"https:\/\/www.ifbaiano.edu.br\/unidades\/lapa\/wp-json\/wp\/v2\/posts\/3518\/revisions"}],"predecessor-version":[{"id":3521,"href":"https:\/\/www.ifbaiano.edu.br\/unidades\/lapa\/wp-json\/wp\/v2\/posts\/3518\/revisions\/3521"}],"wp:attachment":[{"href":"https:\/\/www.ifbaiano.edu.br\/unidades\/lapa\/wp-json\/wp\/v2\/media?parent=3518"}],"wp:term":[{"taxonomy":"category","embeddable":true,"href":"https:\/\/www.ifbaiano.edu.br\/unidades\/lapa\/wp-json\/wp\/v2\/categories?post=3518"},{"taxonomy":"post_tag","embeddable":true,"href":"https:\/\/www.ifbaiano.edu.br\/unidades\/lapa\/wp-json\/wp\/v2\/tags?post=3518"}],"curies":[{"name":"wp","href":"https:\/\/api.w.org\/{rel}","templated":true}]}}