{"id":3526,"date":"2015-07-03T10:47:25","date_gmt":"2015-07-03T12:47:25","guid":{"rendered":"http:\/\/www.ifbaiano.edu.br\/unidades\/lapa\/?p=3526"},"modified":"2015-07-03T10:53:47","modified_gmt":"2015-07-03T12:53:47","slug":"curso-de-informatica-horario-especial-de-aulas-para-o-mes-de-julho","status":"publish","type":"post","link":"https:\/\/www.ifbaiano.edu.br\/unidades\/lapa\/2015\/07\/03\/curso-de-informatica-horario-especial-de-aulas-para-o-mes-de-julho\/","title":{"rendered":"Curso de Inform\u00e1tica &#8211; Hor\u00e1rio especial de aulas para o m\u00eas de julho"},"content":{"rendered":"<div>A Coordena\u00e7\u00e3o do Curso T\u00e9cnico em Inform\u00e1tica Subsequente divulga o hor\u00e1rio especial de aulas para o m\u00eas de julho de 2015. Acessem nos links abaixo:<\/div>\n<div><!--more--><\/div>\n<div>_________________________________________________<\/div>\n<div><a href=\"http:\/\/www.ifbaiano.edu.br\/unidades\/lapa\/files\/2015\/07\/modulo1.pdf\">Clique aqui para visualizar o hor\u00e1rio do M\u00f3dulo I.<\/a><\/div>\n<div>________________________________________________<\/div>\n<div><a href=\"http:\/\/www.ifbaiano.edu.br\/unidades\/lapa\/files\/2015\/07\/modulo3.pdf\">Clique aqui para visualizar o hor\u00e1rio do M\u00f3dulo III.<\/a><\/div>\n<div>________________________________________________<\/div>\n<p><!--more--><\/p>\n","protected":false},"excerpt":{"rendered":"<p>A Coordena\u00e7\u00e3o do Curso T\u00e9cnico em Inform\u00e1tica Subsequente divulga o hor\u00e1rio especial de aulas para o m\u00eas de julho de 2015. Acessem nos links abaixo:<\/p>\n","protected":false},"author":36,"featured_media":0,"comment_status":"open","ping_status":"open","sticky":false,"template":"","format":"standard","meta":[],"categories":[39],"tags":[],"_links":{"self":[{"href":"https:\/\/www.ifbaiano.edu.br\/unidades\/lapa\/wp-json\/wp\/v2\/posts\/3526"}],"collection":[{"href":"https:\/\/www.ifbaiano.edu.br\/unidades\/lapa\/wp-json\/wp\/v2\/posts"}],"about":[{"href":"https:\/\/www.ifbaiano.edu.br\/unidades\/lapa\/wp-json\/wp\/v2\/types\/post"}],"author":[{"embeddable":true,"href":"https:\/\/www.ifbaiano.edu.br\/unidades\/lapa\/wp-json\/wp\/v2\/users\/36"}],"replies":[{"embeddable":true,"href":"https:\/\/www.ifbaiano.edu.br\/unidades\/lapa\/wp-json\/wp\/v2\/comments?post=3526"}],"version-history":[{"count":8,"href":"https:\/\/www.ifbaiano.edu.br\/unidades\/lapa\/wp-json\/wp\/v2\/posts\/3526\/revisions"}],"predecessor-version":[{"id":3534,"href":"https:\/\/www.ifbaiano.edu.br\/unidades\/lapa\/wp-json\/wp\/v2\/posts\/3526\/revisions\/3534"}],"wp:attachment":[{"href":"https:\/\/www.ifbaiano.edu.br\/unidades\/lapa\/wp-json\/wp\/v2\/media?parent=3526"}],"wp:term":[{"taxonomy":"category","embeddable":true,"href":"https:\/\/www.ifbaiano.edu.br\/unidades\/lapa\/wp-json\/wp\/v2\/categories?post=3526"},{"taxonomy":"post_tag","embeddable":true,"href":"https:\/\/www.ifbaiano.edu.br\/unidades\/lapa\/wp-json\/wp\/v2\/tags?post=3526"}],"curies":[{"name":"wp","href":"https:\/\/api.w.org\/{rel}","templated":true}]}}