{"id":3547,"date":"2015-07-03T12:17:51","date_gmt":"2015-07-03T14:17:51","guid":{"rendered":"http:\/\/www.ifbaiano.edu.br\/unidades\/lapa\/?p=3547"},"modified":"2015-07-03T12:17:51","modified_gmt":"2015-07-03T14:17:51","slug":"processo-seletivo-para-vagas-remanescentes-de-informatica-semestre-2015-2","status":"publish","type":"post","link":"https:\/\/www.ifbaiano.edu.br\/unidades\/lapa\/2015\/07\/03\/processo-seletivo-para-vagas-remanescentes-de-informatica-semestre-2015-2\/","title":{"rendered":"Processo Seletivo para Vagas Remanescentes de Inform\u00e1tica semestre 2015.2"},"content":{"rendered":"<p>O Diretor Geral do Instituto Federal de Educa\u00e7\u00e3o, Ci\u00eancia e Tecnologia Baiano,\u00a0<em>Campus<\/em>\u00a0Bom Jesus da Lapa\u00a0<strong>FAZ SABER:<\/strong><\/p>\n<p><!--more--><\/p>\n<p>est\u00e3o abertas as inscri\u00e7\u00f5es, no per\u00edodo de 03 a 12 de julho de 2015, do Processo Seletivo de Vagas Remanescentes para ingresso de estudantes no segundo semestre de 2015 do Curso T\u00e9cnico em Inform\u00e1tica\/ modalidade SUBSEQUENTE \u2013 turnos matutino e noturno.<\/p>\n<p><a href=\"http:\/\/www.ifbaiano.edu.br\/unidades\/lapa\/files\/2015\/07\/edital_11.pdf\">Acessem aqui o Edital do Processo Seletivo.<\/a><\/p>\n<p dir=\"ltr\">Para se inscrever estando dentro do Campus,\u00a0<a href=\"http:\/\/10.20.0.71:8080\/apex\/f?p=108\">CLIQUE AQUI!<\/a><\/p>\n<p dir=\"ltr\">Para de inscrever fora do Campus,\u00a0<a href=\"http:\/\/177.91.97.194:8081\/apex\/f?p=108\">CLIQUE AQUI!<\/a><\/p>\n<p dir=\"ltr\">Participem e divulguem!<\/p>\n","protected":false},"excerpt":{"rendered":"<p>O Diretor Geral do Instituto Federal de Educa\u00e7\u00e3o, Ci\u00eancia e Tecnologia Baiano,\u00a0Campus\u00a0Bom Jesus da Lapa\u00a0FAZ SABER:<\/p>\n","protected":false},"author":36,"featured_media":0,"comment_status":"open","ping_status":"open","sticky":false,"template":"","format":"standard","meta":[],"categories":[39],"tags":[],"_links":{"self":[{"href":"https:\/\/www.ifbaiano.edu.br\/unidades\/lapa\/wp-json\/wp\/v2\/posts\/3547"}],"collection":[{"href":"https:\/\/www.ifbaiano.edu.br\/unidades\/lapa\/wp-json\/wp\/v2\/posts"}],"about":[{"href":"https:\/\/www.ifbaiano.edu.br\/unidades\/lapa\/wp-json\/wp\/v2\/types\/post"}],"author":[{"embeddable":true,"href":"https:\/\/www.ifbaiano.edu.br\/unidades\/lapa\/wp-json\/wp\/v2\/users\/36"}],"replies":[{"embeddable":true,"href":"https:\/\/www.ifbaiano.edu.br\/unidades\/lapa\/wp-json\/wp\/v2\/comments?post=3547"}],"version-history":[{"count":2,"href":"https:\/\/www.ifbaiano.edu.br\/unidades\/lapa\/wp-json\/wp\/v2\/posts\/3547\/revisions"}],"predecessor-version":[{"id":3549,"href":"https:\/\/www.ifbaiano.edu.br\/unidades\/lapa\/wp-json\/wp\/v2\/posts\/3547\/revisions\/3549"}],"wp:attachment":[{"href":"https:\/\/www.ifbaiano.edu.br\/unidades\/lapa\/wp-json\/wp\/v2\/media?parent=3547"}],"wp:term":[{"taxonomy":"category","embeddable":true,"href":"https:\/\/www.ifbaiano.edu.br\/unidades\/lapa\/wp-json\/wp\/v2\/categories?post=3547"},{"taxonomy":"post_tag","embeddable":true,"href":"https:\/\/www.ifbaiano.edu.br\/unidades\/lapa\/wp-json\/wp\/v2\/tags?post=3547"}],"curies":[{"name":"wp","href":"https:\/\/api.w.org\/{rel}","templated":true}]}}