{"id":3582,"date":"2015-07-10T09:05:46","date_gmt":"2015-07-10T11:05:46","guid":{"rendered":"http:\/\/www.ifbaiano.edu.br\/unidades\/lapa\/?p=3582"},"modified":"2015-07-10T09:05:47","modified_gmt":"2015-07-10T11:05:47","slug":"publicada-sexta-chamada-de-matriculas-curso-de-agricultura","status":"publish","type":"post","link":"https:\/\/www.ifbaiano.edu.br\/unidades\/lapa\/2015\/07\/10\/publicada-sexta-chamada-de-matriculas-curso-de-agricultura\/","title":{"rendered":"Publicada Sexta Chamada de Matr\u00edculas &#8211; Curso de Agricultura"},"content":{"rendered":"<p>O Diretor Geral do Campus Bom Jesus da Lapa torna p\u00fablica a sexta chamada de matr\u00edculas para o Curso T\u00e9cnico em Agricultura Subsequente &#8211; semestre 2015.2.<\/p>\n<p><!--more--><\/p>\n<p><a href=\"http:\/\/www.ifbaiano.edu.br\/unidades\/lapa\/files\/2015\/07\/sexta-chamada.pdf\">Acessem aqui o Documento.<\/a><\/p>\n<p>A matr\u00edcula ser\u00e1 realizada dia 10 de julho de 2015.<\/p>\n<p>&nbsp;<\/p>\n<p>Fonte: Comiss\u00e3o do Processo Seletivo<\/p>\n","protected":false},"excerpt":{"rendered":"<p>O Diretor Geral do Campus Bom Jesus da Lapa torna p\u00fablica a sexta chamada de matr\u00edculas para o Curso T\u00e9cnico em Agricultura Subsequente &#8211; semestre 2015.2.<\/p>\n","protected":false},"author":36,"featured_media":0,"comment_status":"open","ping_status":"open","sticky":false,"template":"","format":"standard","meta":[],"categories":[39],"tags":[],"_links":{"self":[{"href":"https:\/\/www.ifbaiano.edu.br\/unidades\/lapa\/wp-json\/wp\/v2\/posts\/3582"}],"collection":[{"href":"https:\/\/www.ifbaiano.edu.br\/unidades\/lapa\/wp-json\/wp\/v2\/posts"}],"about":[{"href":"https:\/\/www.ifbaiano.edu.br\/unidades\/lapa\/wp-json\/wp\/v2\/types\/post"}],"author":[{"embeddable":true,"href":"https:\/\/www.ifbaiano.edu.br\/unidades\/lapa\/wp-json\/wp\/v2\/users\/36"}],"replies":[{"embeddable":true,"href":"https:\/\/www.ifbaiano.edu.br\/unidades\/lapa\/wp-json\/wp\/v2\/comments?post=3582"}],"version-history":[{"count":3,"href":"https:\/\/www.ifbaiano.edu.br\/unidades\/lapa\/wp-json\/wp\/v2\/posts\/3582\/revisions"}],"predecessor-version":[{"id":3586,"href":"https:\/\/www.ifbaiano.edu.br\/unidades\/lapa\/wp-json\/wp\/v2\/posts\/3582\/revisions\/3586"}],"wp:attachment":[{"href":"https:\/\/www.ifbaiano.edu.br\/unidades\/lapa\/wp-json\/wp\/v2\/media?parent=3582"}],"wp:term":[{"taxonomy":"category","embeddable":true,"href":"https:\/\/www.ifbaiano.edu.br\/unidades\/lapa\/wp-json\/wp\/v2\/categories?post=3582"},{"taxonomy":"post_tag","embeddable":true,"href":"https:\/\/www.ifbaiano.edu.br\/unidades\/lapa\/wp-json\/wp\/v2\/tags?post=3582"}],"curies":[{"name":"wp","href":"https:\/\/api.w.org\/{rel}","templated":true}]}}