{"id":3709,"date":"2015-07-14T17:34:25","date_gmt":"2015-07-14T19:34:25","guid":{"rendered":"http:\/\/www.ifbaiano.edu.br\/unidades\/lapa\/?p=3709"},"modified":"2015-07-14T17:38:26","modified_gmt":"2015-07-14T19:38:26","slug":"secretaria-realiza-pre-matriculas-dos-cursos-tecnicos","status":"publish","type":"post","link":"https:\/\/www.ifbaiano.edu.br\/unidades\/lapa\/2015\/07\/14\/secretaria-realiza-pre-matriculas-dos-cursos-tecnicos\/","title":{"rendered":"Secretaria realiza pr\u00e9-matriculas dos Cursos T\u00e9cnicos"},"content":{"rendered":"<pre><\/pre>\n<pre><\/pre>\n<pre>A Dire\u00e7\u00e3o Acad\u00eamica do IF Baiano - Campus Bom Jesus da Lapa\u00a0comunica aos alunos dos cursos de inform\u00e1tica<\/pre>\n<pre> dos m\u00f3dulos I e III,agricultura dos m\u00f3dulos I e III, estagi\u00e1rios de 2010,<\/pre>\n<pre>2011, 2012 e 2013 e os que solicitaram reintegra\u00e7\u00e3o ao curso, que est\u00e3o abertas as<\/pre>\n<pre>pr\u00e9-matr\u00edcula na secretaria de registros acad\u00eamicos<\/pre>\n<pre>at\u00e9 o dia 17\/07\/2015. Pedimos que seja desconsiderado o prazo de rematr\u00edcula<\/pre>\n<pre>previsto no calend\u00e1rio acad\u00eamico para os dias 03, 04 e 05 de agosto.<\/pre>\n<pre>Atenciosamente,<\/pre>\n<pre>Diretoria Acad\u00eamica<\/pre>\n<pre><\/pre>\n","protected":false},"excerpt":{"rendered":"<p>A Dire\u00e7\u00e3o Acad\u00eamica do IF Baiano &#8211; Campus Bom Jesus da Lapa\u00a0comunica aos alunos dos cursos de inform\u00e1tica dos m\u00f3dulos I e III,agricultura dos m\u00f3dulos I e III, estagi\u00e1rios de 2010, 2011, 2012 e 2013 e os que solicitaram reintegra\u00e7\u00e3o ao curso, que est\u00e3o abertas as pr\u00e9-matr\u00edcula na secretaria de registros acad\u00eamicos at\u00e9 o dia [&hellip;]<\/p>\n","protected":false},"author":36,"featured_media":0,"comment_status":"open","ping_status":"open","sticky":false,"template":"","format":"standard","meta":[],"categories":[39,1],"tags":[],"_links":{"self":[{"href":"https:\/\/www.ifbaiano.edu.br\/unidades\/lapa\/wp-json\/wp\/v2\/posts\/3709"}],"collection":[{"href":"https:\/\/www.ifbaiano.edu.br\/unidades\/lapa\/wp-json\/wp\/v2\/posts"}],"about":[{"href":"https:\/\/www.ifbaiano.edu.br\/unidades\/lapa\/wp-json\/wp\/v2\/types\/post"}],"author":[{"embeddable":true,"href":"https:\/\/www.ifbaiano.edu.br\/unidades\/lapa\/wp-json\/wp\/v2\/users\/36"}],"replies":[{"embeddable":true,"href":"https:\/\/www.ifbaiano.edu.br\/unidades\/lapa\/wp-json\/wp\/v2\/comments?post=3709"}],"version-history":[{"count":6,"href":"https:\/\/www.ifbaiano.edu.br\/unidades\/lapa\/wp-json\/wp\/v2\/posts\/3709\/revisions"}],"predecessor-version":[{"id":3711,"href":"https:\/\/www.ifbaiano.edu.br\/unidades\/lapa\/wp-json\/wp\/v2\/posts\/3709\/revisions\/3711"}],"wp:attachment":[{"href":"https:\/\/www.ifbaiano.edu.br\/unidades\/lapa\/wp-json\/wp\/v2\/media?parent=3709"}],"wp:term":[{"taxonomy":"category","embeddable":true,"href":"https:\/\/www.ifbaiano.edu.br\/unidades\/lapa\/wp-json\/wp\/v2\/categories?post=3709"},{"taxonomy":"post_tag","embeddable":true,"href":"https:\/\/www.ifbaiano.edu.br\/unidades\/lapa\/wp-json\/wp\/v2\/tags?post=3709"}],"curies":[{"name":"wp","href":"https:\/\/api.w.org\/{rel}","templated":true}]}}