{"id":3719,"date":"2015-07-14T18:32:32","date_gmt":"2015-07-14T20:32:32","guid":{"rendered":"http:\/\/www.ifbaiano.edu.br\/unidades\/lapa\/?p=3719"},"modified":"2015-07-14T18:32:32","modified_gmt":"2015-07-14T20:32:32","slug":"homologacao-das-inscricoes-processo-seletivo-para-vagas-de-informatica-2015-2","status":"publish","type":"post","link":"https:\/\/www.ifbaiano.edu.br\/unidades\/lapa\/2015\/07\/14\/homologacao-das-inscricoes-processo-seletivo-para-vagas-de-informatica-2015-2\/","title":{"rendered":"Homologa\u00e7\u00e3o das Inscri\u00e7\u00f5es &#8211; Processo Seletivo para Vagas de Inform\u00e1tica 2015.2"},"content":{"rendered":"<p>A Dire\u00e7\u00e3o Geral torna p\u00fablica a rela\u00e7\u00e3o de homologados no Processo Seletivo para vagas remanescentes do Curso T\u00e9cnico em Inform\u00e1tica Subsequente, semestre 2015.2.<\/p>\n<p><!--more--><\/p>\n<p><a href=\"http:\/\/www.ifbaiano.edu.br\/unidades\/lapa\/files\/2015\/07\/candidatoshomologados1.pdf\">ACESSEM AQUI O DOCUMENTO<\/a><\/p>\n<p>&nbsp;<\/p>\n<p>As entrevistas ser\u00e3o realizadas nos dias 15, 16 e 17 de julho de 2015, conforme Edital.<\/p>\n<p>Hor\u00e1rios:<\/p>\n<p><strong>Matutino<\/strong>: 08 \u00e0s 11:00 horas<\/p>\n<p><strong>Vespertino<\/strong>: 14 \u00e0s 16:30 horas.<\/p>\n<p>Aten\u00e7\u00e3o! \u00c9 obrigat\u00f3rio o cumprimento de todos os itens do Edital 11\/2015.<\/p>\n<p>Os candidatos que porventura n\u00e3o puderem comparecer no dia definido poder\u00e3o faz\u00ea-lo em outro dia, desde que no per\u00edodo de 15 a 17 de julho de 2015, conforme item 3.1 do Edital 11\/2015. A divis\u00e3o apresentada busca apenas evitar que todos os candidatos compare\u00e7am em um \u00fanico dia.<\/p>\n<p>Atenciosamente,<\/p>\n<p>A comiss\u00e3o<\/p>\n","protected":false},"excerpt":{"rendered":"<p>A Dire\u00e7\u00e3o Geral torna p\u00fablica a rela\u00e7\u00e3o de homologados no Processo Seletivo para vagas remanescentes do Curso T\u00e9cnico em Inform\u00e1tica Subsequente, semestre 2015.2.<\/p>\n","protected":false},"author":36,"featured_media":0,"comment_status":"open","ping_status":"open","sticky":false,"template":"","format":"standard","meta":[],"categories":[39],"tags":[],"_links":{"self":[{"href":"https:\/\/www.ifbaiano.edu.br\/unidades\/lapa\/wp-json\/wp\/v2\/posts\/3719"}],"collection":[{"href":"https:\/\/www.ifbaiano.edu.br\/unidades\/lapa\/wp-json\/wp\/v2\/posts"}],"about":[{"href":"https:\/\/www.ifbaiano.edu.br\/unidades\/lapa\/wp-json\/wp\/v2\/types\/post"}],"author":[{"embeddable":true,"href":"https:\/\/www.ifbaiano.edu.br\/unidades\/lapa\/wp-json\/wp\/v2\/users\/36"}],"replies":[{"embeddable":true,"href":"https:\/\/www.ifbaiano.edu.br\/unidades\/lapa\/wp-json\/wp\/v2\/comments?post=3719"}],"version-history":[{"count":2,"href":"https:\/\/www.ifbaiano.edu.br\/unidades\/lapa\/wp-json\/wp\/v2\/posts\/3719\/revisions"}],"predecessor-version":[{"id":3721,"href":"https:\/\/www.ifbaiano.edu.br\/unidades\/lapa\/wp-json\/wp\/v2\/posts\/3719\/revisions\/3721"}],"wp:attachment":[{"href":"https:\/\/www.ifbaiano.edu.br\/unidades\/lapa\/wp-json\/wp\/v2\/media?parent=3719"}],"wp:term":[{"taxonomy":"category","embeddable":true,"href":"https:\/\/www.ifbaiano.edu.br\/unidades\/lapa\/wp-json\/wp\/v2\/categories?post=3719"},{"taxonomy":"post_tag","embeddable":true,"href":"https:\/\/www.ifbaiano.edu.br\/unidades\/lapa\/wp-json\/wp\/v2\/tags?post=3719"}],"curies":[{"name":"wp","href":"https:\/\/api.w.org\/{rel}","templated":true}]}}