{"id":3740,"date":"2015-07-16T16:06:53","date_gmt":"2015-07-16T18:06:53","guid":{"rendered":"http:\/\/www.ifbaiano.edu.br\/unidades\/lapa\/?p=3740"},"modified":"2015-07-17T11:16:22","modified_gmt":"2015-07-17T13:16:22","slug":"campus-bom-jesus-da-lapa-realiza-ii-seminario-integrado-de-pesquisa-e-extensao","status":"publish","type":"post","link":"https:\/\/www.ifbaiano.edu.br\/unidades\/lapa\/2015\/07\/16\/campus-bom-jesus-da-lapa-realiza-ii-seminario-integrado-de-pesquisa-e-extensao\/","title":{"rendered":"Campus Bom Jesus da Lapa realiza II Semin\u00e1rio Integrado de Pesquisa e Extens\u00e3o"},"content":{"rendered":"<p>O Campus Bom Jesus da Lapa realizar\u00e1, nos dias 17 e 18 de julho de 2015, o II Semin\u00e1rio Integrado de Pesquisa e Extens\u00e3o.<\/br><\/p>\n<p>O evento tem como p\u00fablico alvo estudantes, servidores e comunidade em geral. O Objetivo \u00e9 discutir as a\u00e7\u00f5es de pesquisa e extens\u00e3o que tem sido desenvolvidas no \u00e2mbito do Campus, levantando novas perspectivas e possibilidades para fortalec\u00ea-las. <\/br><\/p>\n<p><a href=\"http:\/\/www.ifbaiano.edu.br\/unidades\/lapa\/files\/2015\/07\/bannerhoras.png\" title=\"SIPEX\" target=\"_blank\">CONFIRA AQUI O CARTAZ DO EVENTO!<\/a><\/br><\/p>\n<p><a href=\"http:\/\/www.ifbaiano.edu.br\/unidades\/lapa\/files\/2015\/07\/Folder-SIPEX.pdf\" title=\"Folder SIPEX\" target=\"_blank\">FOLDER DO EVENTO, ACESSE AQUI!<\/a><\/p>\n<p>SITE DO SIPEX EM CONSTRU\u00c7\u00c3O, BREVEMENTE DISPON\u00cdVEL!<\/p>\n","protected":false},"excerpt":{"rendered":"<p>O Campus Bom Jesus da Lapa realizar\u00e1, nos dias 17 e 18 de julho de 2015, o II Semin\u00e1rio Integrado de Pesquisa e Extens\u00e3o. O evento tem como p\u00fablico alvo estudantes, servidores e comunidade em geral. O Objetivo \u00e9 discutir as a\u00e7\u00f5es de pesquisa e extens\u00e3o que tem sido desenvolvidas no \u00e2mbito do Campus, levantando [&hellip;]<\/p>\n","protected":false},"author":65,"featured_media":0,"comment_status":"open","ping_status":"open","sticky":false,"template":"","format":"standard","meta":[],"categories":[39,40],"tags":[],"_links":{"self":[{"href":"https:\/\/www.ifbaiano.edu.br\/unidades\/lapa\/wp-json\/wp\/v2\/posts\/3740"}],"collection":[{"href":"https:\/\/www.ifbaiano.edu.br\/unidades\/lapa\/wp-json\/wp\/v2\/posts"}],"about":[{"href":"https:\/\/www.ifbaiano.edu.br\/unidades\/lapa\/wp-json\/wp\/v2\/types\/post"}],"author":[{"embeddable":true,"href":"https:\/\/www.ifbaiano.edu.br\/unidades\/lapa\/wp-json\/wp\/v2\/users\/65"}],"replies":[{"embeddable":true,"href":"https:\/\/www.ifbaiano.edu.br\/unidades\/lapa\/wp-json\/wp\/v2\/comments?post=3740"}],"version-history":[{"count":18,"href":"https:\/\/www.ifbaiano.edu.br\/unidades\/lapa\/wp-json\/wp\/v2\/posts\/3740\/revisions"}],"predecessor-version":[{"id":3788,"href":"https:\/\/www.ifbaiano.edu.br\/unidades\/lapa\/wp-json\/wp\/v2\/posts\/3740\/revisions\/3788"}],"wp:attachment":[{"href":"https:\/\/www.ifbaiano.edu.br\/unidades\/lapa\/wp-json\/wp\/v2\/media?parent=3740"}],"wp:term":[{"taxonomy":"category","embeddable":true,"href":"https:\/\/www.ifbaiano.edu.br\/unidades\/lapa\/wp-json\/wp\/v2\/categories?post=3740"},{"taxonomy":"post_tag","embeddable":true,"href":"https:\/\/www.ifbaiano.edu.br\/unidades\/lapa\/wp-json\/wp\/v2\/tags?post=3740"}],"curies":[{"name":"wp","href":"https:\/\/api.w.org\/{rel}","templated":true}]}}