{"id":3766,"date":"2015-07-17T10:24:49","date_gmt":"2015-07-17T12:24:49","guid":{"rendered":"http:\/\/www.ifbaiano.edu.br\/unidades\/lapa\/?p=3766"},"modified":"2015-07-17T11:24:11","modified_gmt":"2015-07-17T13:24:11","slug":"campus-bom-jesus-da-lapa-realizara-mostra-cultural","status":"publish","type":"post","link":"https:\/\/www.ifbaiano.edu.br\/unidades\/lapa\/2015\/07\/17\/campus-bom-jesus-da-lapa-realizara-mostra-cultural\/","title":{"rendered":"Campus Bom Jesus da Lapa realizar\u00e1 Mostra Cultural"},"content":{"rendered":"<p>Com o objetivo de fortalecer e valorizar a cultura local\/regional, o IF Baiano &#8211; Campus Bom Jesus da Lapa, por meio da Comiss\u00e3o Organizadora, promove a <strong>II Mostra Cultural do Campus<\/strong>. <\/p>\n<p><!--more-->Ser\u00e3o apresenta\u00e7\u00f5es de m\u00fasica, dan\u00e7a, teatro e exposi\u00e7\u00f5es art\u00edsticas que reunir\u00e3o diversos segmentos da sociedade local, sobretudo a comunidade estudantil e art\u00edstica. O evento acontece no pr\u00f3ximo dia <em>23 de julho de 2015, a partir das 18 horas<\/em>, no p\u00e1tio da UFOB (Antigo Col\u00e9gio S\u00e3o Vicente de Paulo). A previs\u00e3o \u00e9 que compare\u00e7a um p\u00fablico estimado em 300 pessoas.<\/p>\n<p><a href=\"http:\/\/www.ifbaiano.edu.br\/unidades\/lapa\/files\/2015\/07\/Cartaz_Mostra_Cultural2.jpg\" title=\"Mostra Cultural\" target=\"_blank\">CONFIRAM O CARTAZ DO EVENTO!<\/a><\/p>\n<p>Fonte: Comiss\u00e3o Organizadora<\/p>\n","protected":false},"excerpt":{"rendered":"<p>Com o objetivo de fortalecer e valorizar a cultura local\/regional, o IF Baiano &#8211; Campus Bom Jesus da Lapa, por meio da Comiss\u00e3o Organizadora, promove a II Mostra Cultural do Campus.<\/p>\n","protected":false},"author":65,"featured_media":0,"comment_status":"open","ping_status":"open","sticky":false,"template":"","format":"standard","meta":[],"categories":[1],"tags":[],"_links":{"self":[{"href":"https:\/\/www.ifbaiano.edu.br\/unidades\/lapa\/wp-json\/wp\/v2\/posts\/3766"}],"collection":[{"href":"https:\/\/www.ifbaiano.edu.br\/unidades\/lapa\/wp-json\/wp\/v2\/posts"}],"about":[{"href":"https:\/\/www.ifbaiano.edu.br\/unidades\/lapa\/wp-json\/wp\/v2\/types\/post"}],"author":[{"embeddable":true,"href":"https:\/\/www.ifbaiano.edu.br\/unidades\/lapa\/wp-json\/wp\/v2\/users\/65"}],"replies":[{"embeddable":true,"href":"https:\/\/www.ifbaiano.edu.br\/unidades\/lapa\/wp-json\/wp\/v2\/comments?post=3766"}],"version-history":[{"count":7,"href":"https:\/\/www.ifbaiano.edu.br\/unidades\/lapa\/wp-json\/wp\/v2\/posts\/3766\/revisions"}],"predecessor-version":[{"id":3791,"href":"https:\/\/www.ifbaiano.edu.br\/unidades\/lapa\/wp-json\/wp\/v2\/posts\/3766\/revisions\/3791"}],"wp:attachment":[{"href":"https:\/\/www.ifbaiano.edu.br\/unidades\/lapa\/wp-json\/wp\/v2\/media?parent=3766"}],"wp:term":[{"taxonomy":"category","embeddable":true,"href":"https:\/\/www.ifbaiano.edu.br\/unidades\/lapa\/wp-json\/wp\/v2\/categories?post=3766"},{"taxonomy":"post_tag","embeddable":true,"href":"https:\/\/www.ifbaiano.edu.br\/unidades\/lapa\/wp-json\/wp\/v2\/tags?post=3766"}],"curies":[{"name":"wp","href":"https:\/\/api.w.org\/{rel}","templated":true}]}}