{"id":3839,"date":"2015-07-20T19:31:00","date_gmt":"2015-07-20T21:31:00","guid":{"rendered":"http:\/\/www.ifbaiano.edu.br\/unidades\/lapa\/?p=3839"},"modified":"2015-07-20T19:38:46","modified_gmt":"2015-07-20T21:38:46","slug":"candidatura-provisoria-da-comissao-propria-de-avaliacao-cpa","status":"publish","type":"post","link":"https:\/\/www.ifbaiano.edu.br\/unidades\/lapa\/2015\/07\/20\/candidatura-provisoria-da-comissao-propria-de-avaliacao-cpa\/","title":{"rendered":"Publicada Lista Provis\u00f3ria de Candidatos da Comiss\u00e3o Pr\u00f3pria de Avalia\u00e7\u00e3o &#8211; CPA"},"content":{"rendered":"<p>Publicada lista provis\u00f3ria de candidatos a membros da CPA \u2013 Comiss\u00e3o Pr\u00f3pria de Avalia\u00e7\u00e3o. <!--more--><\/p>\n<p>A Comiss\u00e3o Eleitoral Local, em atendimento ao disposto no Edital de Convoca\u00e7\u00e3o e Normas 44\/2015, torna p\u00fablica lista provis\u00f3ria de candidatos \u00e0 composi\u00e7\u00e3o da  Comiss\u00e3o Pr\u00f3pria de Avalia\u00e7\u00e3o &#8211; CPA:<\/p>\n<p><strong>DOCENTES:<\/strong><\/p>\n<ul>\n<li>Davi Silva da Costa<\/li>\n<li>Ge\u00e2ngelo de Matos Rosa<\/li>\n<\/ul>\n<p><strong>T\u00c9CNICOS:<\/strong><\/p>\n<ul>\n<li>Adriano de Jesus Ferreira<\/li>\n<li>Diele dos Santos Cardoso<\/li>\n<\/ul>\n<p><strong>DISCENTES:<\/strong><\/p>\n<ul>\n<li>Guilherme Castro Silva Reis<\/li>\n<li>Valdirene de Amaral Mata da Silva<\/li>\n<\/ul>\n<p><strong>SOCIEDADE CIVIL:<\/strong><\/p>\n<ul>\n<li>Cleidenice Rodrigues da Silva<\/li>\n<\/ul>\n<hr>\n<p>&nbsp;<\/p>\n","protected":false},"excerpt":{"rendered":"<p>Publicada lista provis\u00f3ria de candidatos a membros da CPA \u2013 Comiss\u00e3o Pr\u00f3pria de Avalia\u00e7\u00e3o.<\/p>\n","protected":false},"author":65,"featured_media":0,"comment_status":"open","ping_status":"open","sticky":false,"template":"","format":"standard","meta":[],"categories":[24],"tags":[],"_links":{"self":[{"href":"https:\/\/www.ifbaiano.edu.br\/unidades\/lapa\/wp-json\/wp\/v2\/posts\/3839"}],"collection":[{"href":"https:\/\/www.ifbaiano.edu.br\/unidades\/lapa\/wp-json\/wp\/v2\/posts"}],"about":[{"href":"https:\/\/www.ifbaiano.edu.br\/unidades\/lapa\/wp-json\/wp\/v2\/types\/post"}],"author":[{"embeddable":true,"href":"https:\/\/www.ifbaiano.edu.br\/unidades\/lapa\/wp-json\/wp\/v2\/users\/65"}],"replies":[{"embeddable":true,"href":"https:\/\/www.ifbaiano.edu.br\/unidades\/lapa\/wp-json\/wp\/v2\/comments?post=3839"}],"version-history":[{"count":8,"href":"https:\/\/www.ifbaiano.edu.br\/unidades\/lapa\/wp-json\/wp\/v2\/posts\/3839\/revisions"}],"predecessor-version":[{"id":3847,"href":"https:\/\/www.ifbaiano.edu.br\/unidades\/lapa\/wp-json\/wp\/v2\/posts\/3839\/revisions\/3847"}],"wp:attachment":[{"href":"https:\/\/www.ifbaiano.edu.br\/unidades\/lapa\/wp-json\/wp\/v2\/media?parent=3839"}],"wp:term":[{"taxonomy":"category","embeddable":true,"href":"https:\/\/www.ifbaiano.edu.br\/unidades\/lapa\/wp-json\/wp\/v2\/categories?post=3839"},{"taxonomy":"post_tag","embeddable":true,"href":"https:\/\/www.ifbaiano.edu.br\/unidades\/lapa\/wp-json\/wp\/v2\/tags?post=3839"}],"curies":[{"name":"wp","href":"https:\/\/api.w.org\/{rel}","templated":true}]}}