{"id":3848,"date":"2015-07-20T19:42:58","date_gmt":"2015-07-20T21:42:58","guid":{"rendered":"http:\/\/www.ifbaiano.edu.br\/unidades\/lapa\/?p=3848"},"modified":"2015-07-21T18:07:29","modified_gmt":"2015-07-21T20:07:29","slug":"lista-homologada-dos-candidatos-da-comissao-propria-de-avaliacao-cpa","status":"publish","type":"post","link":"https:\/\/www.ifbaiano.edu.br\/unidades\/lapa\/2015\/07\/20\/lista-homologada-dos-candidatos-da-comissao-propria-de-avaliacao-cpa\/","title":{"rendered":"Lista Homologada dos Candidatos da Comiss\u00e3o Pr\u00f3pria de Avalia\u00e7\u00e3o &#8211; CPA"},"content":{"rendered":"<p>A Comiss\u00e3o Eleitoral Local torna p\u00fablica a homologa\u00e7\u00e3o da lista de candidatos \u00e0 Comiss\u00e3o Pr\u00f3pria de Avalia\u00e7\u00e3o (CPA) do Campus Bom Jesus da Lapa.<!--more--><\/p>\n<p>A Comiss\u00e3o Eleitoral Local para a composi\u00e7\u00e3o da CPA &#8211; Comiss\u00e3o Pr\u00f3pria de Avalia\u00e7\u00e3o do Campus Bom Jesus da Lapa, em atendimento ao disposto no Edital de Convoca\u00e7\u00e3o e Normas 44\/2015, por meio deste comunicado, torna p\u00fablica \u00e0 comunidade do IF Baiano &#8211; Campus Bom Jesus da Lapa a lista Homologada de candidatos a composi\u00e7\u00e3o da referida comiss\u00e3o:<\/p>\n<p><strong>DOCENTES:<\/strong><\/p>\n<ul>\n<li>Davi Silva da Costa<\/li>\n<li>Ge\u00e2ngelo de Matos Rosa<\/li>\n<\/ul>\n<p><strong>T\u00c9CNICOS:<\/strong><\/p>\n<ul>\n<li>Adriano de Jesus Ferreira<\/li>\n<li>Diele dos Santos Cardoso<\/li>\n<\/ul>\n<p><strong>DISCENTES:<\/strong><\/p>\n<ul>\n<li>Guilherme Castro Silva Reis<\/li>\n<li>Valdirene de Amaral Mata da Silva<\/li>\n<\/ul>\n<p><strong>SOCIEDADE CIVIL:<\/strong><\/p>\n<ul>\n<li>Cleidenice Rodrigues da Silva<\/li>\n<\/ul>\n<p><a href=\"http:\/\/www.ifbaiano.edu.br\/unidades\/lapa\/files\/2015\/07\/Homologada-candidaturas-da-CPA.pdf\" title=\"Homologa\u00e7\u00e3o CPA\" target=\"_blank\">ACESSEM O DOCUMENTO OFICIAL!<\/a><\/br><\/p>\n<hr>\n<p><\/br><\/p>\n","protected":false},"excerpt":{"rendered":"<p>A Comiss\u00e3o Eleitoral Local torna p\u00fablica a homologa\u00e7\u00e3o da lista de candidatos \u00e0 Comiss\u00e3o Pr\u00f3pria de Avalia\u00e7\u00e3o (CPA) do Campus Bom Jesus da Lapa.<\/p>\n","protected":false},"author":65,"featured_media":0,"comment_status":"open","ping_status":"open","sticky":false,"template":"","format":"standard","meta":[],"categories":[24],"tags":[],"_links":{"self":[{"href":"https:\/\/www.ifbaiano.edu.br\/unidades\/lapa\/wp-json\/wp\/v2\/posts\/3848"}],"collection":[{"href":"https:\/\/www.ifbaiano.edu.br\/unidades\/lapa\/wp-json\/wp\/v2\/posts"}],"about":[{"href":"https:\/\/www.ifbaiano.edu.br\/unidades\/lapa\/wp-json\/wp\/v2\/types\/post"}],"author":[{"embeddable":true,"href":"https:\/\/www.ifbaiano.edu.br\/unidades\/lapa\/wp-json\/wp\/v2\/users\/65"}],"replies":[{"embeddable":true,"href":"https:\/\/www.ifbaiano.edu.br\/unidades\/lapa\/wp-json\/wp\/v2\/comments?post=3848"}],"version-history":[{"count":10,"href":"https:\/\/www.ifbaiano.edu.br\/unidades\/lapa\/wp-json\/wp\/v2\/posts\/3848\/revisions"}],"predecessor-version":[{"id":3866,"href":"https:\/\/www.ifbaiano.edu.br\/unidades\/lapa\/wp-json\/wp\/v2\/posts\/3848\/revisions\/3866"}],"wp:attachment":[{"href":"https:\/\/www.ifbaiano.edu.br\/unidades\/lapa\/wp-json\/wp\/v2\/media?parent=3848"}],"wp:term":[{"taxonomy":"category","embeddable":true,"href":"https:\/\/www.ifbaiano.edu.br\/unidades\/lapa\/wp-json\/wp\/v2\/categories?post=3848"},{"taxonomy":"post_tag","embeddable":true,"href":"https:\/\/www.ifbaiano.edu.br\/unidades\/lapa\/wp-json\/wp\/v2\/tags?post=3848"}],"curies":[{"name":"wp","href":"https:\/\/api.w.org\/{rel}","templated":true}]}}