{"id":3859,"date":"2015-07-21T18:02:20","date_gmt":"2015-07-21T20:02:20","guid":{"rendered":"http:\/\/www.ifbaiano.edu.br\/unidades\/lapa\/?p=3859"},"modified":"2015-07-21T18:04:28","modified_gmt":"2015-07-21T20:04:28","slug":"retificacao-da-publicacao-de-homolagacao-de-candidatos-a-comissao-propria-de-avaliacao-cpa","status":"publish","type":"post","link":"https:\/\/www.ifbaiano.edu.br\/unidades\/lapa\/2015\/07\/21\/retificacao-da-publicacao-de-homolagacao-de-candidatos-a-comissao-propria-de-avaliacao-cpa\/","title":{"rendered":"Retifica\u00e7\u00e3o da publica\u00e7\u00e3o de Homolaga\u00e7\u00e3o de Candidatos \u00e0 Comiss\u00e3o Pr\u00f3pria de Avalia\u00e7\u00e3o &#8211; CPA"},"content":{"rendered":"<p>A Comiss\u00e3o Eleitoral Local torna p\u00fablica a retifica\u00e7\u00e3o da homologa\u00e7\u00e3o da lista de candidatos \u00e0 Comiss\u00e3o Pr\u00f3pria de Avalia\u00e7\u00e3o (CPA) do Campus Bom Jesus da Lapa.<!--more--><\/p>\n<p>A Comiss\u00e3o Eleitoral Local divulga a <strong>ERRATA<\/strong> com rela\u00e7\u00e3o \u00e0 lista homologada para a composi\u00e7\u00e3o da CPA &#8211; Comiss\u00e3o Pr\u00f3pria de Avalia\u00e7\u00e3o do Campus Bom Jesus da Lapa, onde l\u00ea-se <em>&#8220;Valdirene de Amaral Mata da Silva&#8221;<\/em>, (representante dos <em>Discentes<\/em>), leia-se <em>&#8220;Valdineide de Amaral Mata da Silva&#8221;<\/em>. <\/br><br \/>\n<strong>LISTA CORRIGIDA:<\/strong><\/p>\n<p><strong>DOCENTES:<\/strong><\/p>\n<ul>\n<li>Davi Silva da Costa<\/li>\n<li>Ge\u00e2ngelo de Matos Rosa<\/li>\n<\/ul>\n<p><strong>T\u00c9CNICOS:<\/strong><\/p>\n<ul>\n<li>Adriano de Jesus Ferreira<\/li>\n<li>Diele dos Santos Cardoso<\/li>\n<\/ul>\n<p><strong>DISCENTES:<\/strong><\/p>\n<ul>\n<li>Guilherme Castro Silva Reis<\/li>\n<li>Valdineide de Amaral Mata da Silva<\/li>\n<\/ul>\n<p><strong>SOCIEDADE CIVIL:<\/strong><\/p>\n<ul>\n<li>Cleidenice Rodrigues da Silva<\/li>\n<\/ul>\n<p><a href=\"http:\/\/www.ifbaiano.edu.br\/unidades\/lapa\/files\/2015\/07\/retificacao-candidaturas-cpa.pdf\" title=\"Homologa\u00e7\u00e3o CPA\" target=\"_blank\">ACESSEM A RETIFICA\u00c7\u00c3O OFICIAL AQUI!<\/a><\/br><\/p>\n<hr>\n<p><\/br><\/p>\n","protected":false},"excerpt":{"rendered":"<p>A Comiss\u00e3o Eleitoral Local torna p\u00fablica a retifica\u00e7\u00e3o da homologa\u00e7\u00e3o da lista de candidatos \u00e0 Comiss\u00e3o Pr\u00f3pria de Avalia\u00e7\u00e3o (CPA) do Campus Bom Jesus da Lapa.<\/p>\n","protected":false},"author":65,"featured_media":0,"comment_status":"open","ping_status":"open","sticky":false,"template":"","format":"standard","meta":[],"categories":[24],"tags":[],"_links":{"self":[{"href":"https:\/\/www.ifbaiano.edu.br\/unidades\/lapa\/wp-json\/wp\/v2\/posts\/3859"}],"collection":[{"href":"https:\/\/www.ifbaiano.edu.br\/unidades\/lapa\/wp-json\/wp\/v2\/posts"}],"about":[{"href":"https:\/\/www.ifbaiano.edu.br\/unidades\/lapa\/wp-json\/wp\/v2\/types\/post"}],"author":[{"embeddable":true,"href":"https:\/\/www.ifbaiano.edu.br\/unidades\/lapa\/wp-json\/wp\/v2\/users\/65"}],"replies":[{"embeddable":true,"href":"https:\/\/www.ifbaiano.edu.br\/unidades\/lapa\/wp-json\/wp\/v2\/comments?post=3859"}],"version-history":[{"count":6,"href":"https:\/\/www.ifbaiano.edu.br\/unidades\/lapa\/wp-json\/wp\/v2\/posts\/3859\/revisions"}],"predecessor-version":[{"id":3865,"href":"https:\/\/www.ifbaiano.edu.br\/unidades\/lapa\/wp-json\/wp\/v2\/posts\/3859\/revisions\/3865"}],"wp:attachment":[{"href":"https:\/\/www.ifbaiano.edu.br\/unidades\/lapa\/wp-json\/wp\/v2\/media?parent=3859"}],"wp:term":[{"taxonomy":"category","embeddable":true,"href":"https:\/\/www.ifbaiano.edu.br\/unidades\/lapa\/wp-json\/wp\/v2\/categories?post=3859"},{"taxonomy":"post_tag","embeddable":true,"href":"https:\/\/www.ifbaiano.edu.br\/unidades\/lapa\/wp-json\/wp\/v2\/tags?post=3859"}],"curies":[{"name":"wp","href":"https:\/\/api.w.org\/{rel}","templated":true}]}}