{"id":3893,"date":"2015-07-22T21:06:49","date_gmt":"2015-07-22T23:06:49","guid":{"rendered":"http:\/\/www.ifbaiano.edu.br\/unidades\/lapa\/?p=3893"},"modified":"2015-07-22T21:06:49","modified_gmt":"2015-07-22T23:06:49","slug":"aprovados-e-classificados-processo-seletivo-para-vagas-de-informatica-2015-2","status":"publish","type":"post","link":"https:\/\/www.ifbaiano.edu.br\/unidades\/lapa\/2015\/07\/22\/aprovados-e-classificados-processo-seletivo-para-vagas-de-informatica-2015-2\/","title":{"rendered":"Aprovados e Classificados &#8211; Processo Seletivo para Vagas de Inform\u00e1tica 2015.2"},"content":{"rendered":"<p>A Dire\u00e7\u00e3o Geral torna p\u00fablica a rela\u00e7\u00e3o dos candidatos aprovados, classificados e eliminados no Processo Seletivo para vagas remanescentes do Curso T\u00e9cnico em Inform\u00e1tica Subsequente, semestre 2015.2.<!--more--><\/p>\n<p><a href=\"http:\/\/www.ifbaiano.edu.br\/unidades\/lapa\/files\/2015\/07\/prosel20152infoaprovadosclassificados.pdf\">Candidatos Aprovados e Classificados<\/a><\/p>\n<p><a href=\"http:\/\/www.ifbaiano.edu.br\/unidades\/lapa\/files\/2015\/07\/prosel20152infoeliminados.pdf\">Candidatos Eliminados<\/a><\/p>\n<p>Prazo para recursos: <strong>dia 23\/07\/2015<\/strong>.<\/p>\n<p>Resultados final e edital de matr\u00edculas: <strong>dia 24\/07\/2015<\/strong>.<\/p>\n<p>Para mais informa\u00e7\u00e3o, <a href=\"http:\/\/www.ifbaiano.edu.br\/unidades\/lapa\/selecao-de-vagas-remanescentes-informatica-2015-2\/\">clique aqui<\/a>.<\/p>\n","protected":false},"excerpt":{"rendered":"<p>A Dire\u00e7\u00e3o Geral torna p\u00fablica a rela\u00e7\u00e3o dos candidatos aprovados, classificados e eliminados no Processo Seletivo para vagas remanescentes do Curso T\u00e9cnico em Inform\u00e1tica Subsequente, semestre 2015.2.<\/p>\n","protected":false},"author":36,"featured_media":0,"comment_status":"open","ping_status":"open","sticky":false,"template":"","format":"standard","meta":[],"categories":[24],"tags":[],"_links":{"self":[{"href":"https:\/\/www.ifbaiano.edu.br\/unidades\/lapa\/wp-json\/wp\/v2\/posts\/3893"}],"collection":[{"href":"https:\/\/www.ifbaiano.edu.br\/unidades\/lapa\/wp-json\/wp\/v2\/posts"}],"about":[{"href":"https:\/\/www.ifbaiano.edu.br\/unidades\/lapa\/wp-json\/wp\/v2\/types\/post"}],"author":[{"embeddable":true,"href":"https:\/\/www.ifbaiano.edu.br\/unidades\/lapa\/wp-json\/wp\/v2\/users\/36"}],"replies":[{"embeddable":true,"href":"https:\/\/www.ifbaiano.edu.br\/unidades\/lapa\/wp-json\/wp\/v2\/comments?post=3893"}],"version-history":[{"count":2,"href":"https:\/\/www.ifbaiano.edu.br\/unidades\/lapa\/wp-json\/wp\/v2\/posts\/3893\/revisions"}],"predecessor-version":[{"id":3895,"href":"https:\/\/www.ifbaiano.edu.br\/unidades\/lapa\/wp-json\/wp\/v2\/posts\/3893\/revisions\/3895"}],"wp:attachment":[{"href":"https:\/\/www.ifbaiano.edu.br\/unidades\/lapa\/wp-json\/wp\/v2\/media?parent=3893"}],"wp:term":[{"taxonomy":"category","embeddable":true,"href":"https:\/\/www.ifbaiano.edu.br\/unidades\/lapa\/wp-json\/wp\/v2\/categories?post=3893"},{"taxonomy":"post_tag","embeddable":true,"href":"https:\/\/www.ifbaiano.edu.br\/unidades\/lapa\/wp-json\/wp\/v2\/tags?post=3893"}],"curies":[{"name":"wp","href":"https:\/\/api.w.org\/{rel}","templated":true}]}}