{"id":3898,"date":"2015-07-23T18:25:27","date_gmt":"2015-07-23T20:25:27","guid":{"rendered":"http:\/\/www.ifbaiano.edu.br\/unidades\/lapa\/?p=3898"},"modified":"2015-07-23T18:25:27","modified_gmt":"2015-07-23T20:25:27","slug":"resultado-da-eleicao-para-escolha-dos-membros-da-comissao-propria-de-avaliacao-cpa","status":"publish","type":"post","link":"https:\/\/www.ifbaiano.edu.br\/unidades\/lapa\/2015\/07\/23\/resultado-da-eleicao-para-escolha-dos-membros-da-comissao-propria-de-avaliacao-cpa\/","title":{"rendered":"Resultado da Elei\u00e7\u00e3o para Escolha dos Membros da Comiss\u00e3o Pr\u00f3pria de Avalia\u00e7\u00e3o &#8211; CPA"},"content":{"rendered":"<p>Publicado o Resultado da elei\u00e7\u00e3o dos Membros da CPA \u2013 Comiss\u00e3o Pr\u00f3pria de Avalia\u00e7\u00e3o. <!--more--><\/p>\n<p>A Comiss\u00e3o Eleitoral Local, em atendimento ao disposto no Edital de Convoca\u00e7\u00e3o e Normas 44\/2015, torna p\u00fablica o resultado das elei\u00e7\u00f5es da composi\u00e7\u00e3o da Comiss\u00e3o Pr\u00f3pria de Avalia\u00e7\u00e3o &#8211; CPA:<\/p>\n<p><strong>REPRESENTANTE DOCENTE:<\/strong><\/p>\n<ul>\n<li>Ge\u00e2ngelo de Matos Rosa &#8211; 8 votos (TITULAR)<\/li>\n<li>Davi Silva da Costa &#8211; 3 votos (SUPLENTE)<\/li>\n<li>Votos em Branco &#8211; 1 voto<\/li>\n<\/ul>\n<p><strong>REPRESENTANTE T\u00c9CNICO ADMINISTRATIVO:<\/strong><\/p>\n<ul>\n<li>Adriano de Jesus Ferreira &#8211; 4 votos (SUPLENTE) <\/li>\n<li>Diele dos Santos Cardoso &#8211; 13 votos (TITULAR)<\/li>\n<\/ul>\n<p><strong>REPRESENTANTE DISCENTE:<\/strong><\/p>\n<ul>\n<li>Guilherme Castro Silva Reis &#8211; 39 votos (SUPLENTE)<\/li>\n<li>Valdineide de Amaral Mata da Silva &#8211; 42 votos (TITULAR)<\/li>\n<li>Votos em Branco &#8211; 2 votos<\/li>\n<\/ul>\n<p><strong>REPRESENTANTE SOCIEDADE CIVIL:<\/strong><\/p>\n<ul>\n<li>Cleidenice Rodrigues da Silva &#8211; 12 votos (TITULAR)<\/li>\n<li>Votos em Branco &#8211; 1 voto<\/li>\n<\/ul>\n<p><a href=\"http:\/\/www.ifbaiano.edu.br\/unidades\/lapa\/files\/2015\/07\/Memo-5-comissao-eleitoral-resultado-eleicao-cpa.pdf\" title=\"Resultado Elei\u00e7\u00e3o CPA\" target=\"_blank\">ACESSEM O RESULTADO OFICIAL AQUI!<\/a><\/br><\/p>\n<hr>\n<p>&nbsp;<\/p>\n","protected":false},"excerpt":{"rendered":"<p>Publicado o Resultado da elei\u00e7\u00e3o dos Membros da CPA \u2013 Comiss\u00e3o Pr\u00f3pria de Avalia\u00e7\u00e3o.<\/p>\n","protected":false},"author":65,"featured_media":0,"comment_status":"open","ping_status":"open","sticky":false,"template":"","format":"standard","meta":[],"categories":[24],"tags":[],"_links":{"self":[{"href":"https:\/\/www.ifbaiano.edu.br\/unidades\/lapa\/wp-json\/wp\/v2\/posts\/3898"}],"collection":[{"href":"https:\/\/www.ifbaiano.edu.br\/unidades\/lapa\/wp-json\/wp\/v2\/posts"}],"about":[{"href":"https:\/\/www.ifbaiano.edu.br\/unidades\/lapa\/wp-json\/wp\/v2\/types\/post"}],"author":[{"embeddable":true,"href":"https:\/\/www.ifbaiano.edu.br\/unidades\/lapa\/wp-json\/wp\/v2\/users\/65"}],"replies":[{"embeddable":true,"href":"https:\/\/www.ifbaiano.edu.br\/unidades\/lapa\/wp-json\/wp\/v2\/comments?post=3898"}],"version-history":[{"count":6,"href":"https:\/\/www.ifbaiano.edu.br\/unidades\/lapa\/wp-json\/wp\/v2\/posts\/3898\/revisions"}],"predecessor-version":[{"id":3904,"href":"https:\/\/www.ifbaiano.edu.br\/unidades\/lapa\/wp-json\/wp\/v2\/posts\/3898\/revisions\/3904"}],"wp:attachment":[{"href":"https:\/\/www.ifbaiano.edu.br\/unidades\/lapa\/wp-json\/wp\/v2\/media?parent=3898"}],"wp:term":[{"taxonomy":"category","embeddable":true,"href":"https:\/\/www.ifbaiano.edu.br\/unidades\/lapa\/wp-json\/wp\/v2\/categories?post=3898"},{"taxonomy":"post_tag","embeddable":true,"href":"https:\/\/www.ifbaiano.edu.br\/unidades\/lapa\/wp-json\/wp\/v2\/tags?post=3898"}],"curies":[{"name":"wp","href":"https:\/\/api.w.org\/{rel}","templated":true}]}}