{"id":3905,"date":"2015-07-24T10:07:12","date_gmt":"2015-07-24T12:07:12","guid":{"rendered":"http:\/\/www.ifbaiano.edu.br\/unidades\/lapa\/?p=3905"},"modified":"2015-07-24T10:07:13","modified_gmt":"2015-07-24T12:07:13","slug":"publicada-segunda-chamada-do-processo-seletivo-para-o-curso-de-bacharelado-em-eng-agronomica-edital-452015","status":"publish","type":"post","link":"https:\/\/www.ifbaiano.edu.br\/unidades\/lapa\/2015\/07\/24\/publicada-segunda-chamada-do-processo-seletivo-para-o-curso-de-bacharelado-em-eng-agronomica-edital-452015\/","title":{"rendered":"Publicada Segunda Chamada do Processo Seletivo para o curso de Bacharelado em Eng. Agron\u00f4mica (Edital 45\/2015)"},"content":{"rendered":"<p>Informamos \u00e0 comunidade que foi divulgada a segunda chamada de matr\u00edculas do Curso de Bacharelado em Engenharia Agron\u00f4mica &#8211; Campus Bom Jesus da Lapa, objeto do Processo Seletivo regido pelo Edital 45\/2015.<\/p>\n<p><a href=\"http:\/\/concurso.ifbaiano.edu.br\/portal\/sisulapa20152\/wp-content\/uploads\/sites\/24\/2015\/07\/2%C2%AA-CHAMADA-DE-MATR%C3%8DCULAS_Sel_Opina.pdf\">ACESSEM AQUI O\u00a0\u00a0DOCUMENTO<\/a><\/p>\n<p>Fonte: Diretoria Acad\u00eamica do Campus.<\/p>\n","protected":false},"excerpt":{"rendered":"<p>Informamos \u00e0 comunidade que foi divulgada a segunda chamada de matr\u00edculas do Curso de Bacharelado em Engenharia Agron\u00f4mica &#8211; Campus Bom Jesus da Lapa, objeto do Processo Seletivo regido pelo Edital 45\/2015. ACESSEM AQUI O\u00a0\u00a0DOCUMENTO Fonte: Diretoria Acad\u00eamica do Campus.<\/p>\n","protected":false},"author":36,"featured_media":0,"comment_status":"open","ping_status":"open","sticky":false,"template":"","format":"standard","meta":[],"categories":[39],"tags":[],"_links":{"self":[{"href":"https:\/\/www.ifbaiano.edu.br\/unidades\/lapa\/wp-json\/wp\/v2\/posts\/3905"}],"collection":[{"href":"https:\/\/www.ifbaiano.edu.br\/unidades\/lapa\/wp-json\/wp\/v2\/posts"}],"about":[{"href":"https:\/\/www.ifbaiano.edu.br\/unidades\/lapa\/wp-json\/wp\/v2\/types\/post"}],"author":[{"embeddable":true,"href":"https:\/\/www.ifbaiano.edu.br\/unidades\/lapa\/wp-json\/wp\/v2\/users\/36"}],"replies":[{"embeddable":true,"href":"https:\/\/www.ifbaiano.edu.br\/unidades\/lapa\/wp-json\/wp\/v2\/comments?post=3905"}],"version-history":[{"count":2,"href":"https:\/\/www.ifbaiano.edu.br\/unidades\/lapa\/wp-json\/wp\/v2\/posts\/3905\/revisions"}],"predecessor-version":[{"id":3907,"href":"https:\/\/www.ifbaiano.edu.br\/unidades\/lapa\/wp-json\/wp\/v2\/posts\/3905\/revisions\/3907"}],"wp:attachment":[{"href":"https:\/\/www.ifbaiano.edu.br\/unidades\/lapa\/wp-json\/wp\/v2\/media?parent=3905"}],"wp:term":[{"taxonomy":"category","embeddable":true,"href":"https:\/\/www.ifbaiano.edu.br\/unidades\/lapa\/wp-json\/wp\/v2\/categories?post=3905"},{"taxonomy":"post_tag","embeddable":true,"href":"https:\/\/www.ifbaiano.edu.br\/unidades\/lapa\/wp-json\/wp\/v2\/tags?post=3905"}],"curies":[{"name":"wp","href":"https:\/\/api.w.org\/{rel}","templated":true}]}}