{"id":3960,"date":"2015-07-27T12:01:20","date_gmt":"2015-07-27T14:01:20","guid":{"rendered":"http:\/\/www.ifbaiano.edu.br\/unidades\/lapa\/?p=3960"},"modified":"2015-07-27T12:21:41","modified_gmt":"2015-07-27T14:21:41","slug":"campus-bom-jesus-da-lapa-realiza-mostra-cultural","status":"publish","type":"post","link":"https:\/\/www.ifbaiano.edu.br\/unidades\/lapa\/2015\/07\/27\/campus-bom-jesus-da-lapa-realiza-mostra-cultural\/","title":{"rendered":"Campus Bom Jesus da Lapa realiza Mostra Cultural"},"content":{"rendered":"<p>O Campus Bom Jesus da Lapa realizou, em 23 de julho de 2015, a II Fase da Mostra Cultural, financiada pela Pr\u00f3-Reitoria de Extens\u00e3o do IFBaiano.<\/p>\n<p><!--more--><\/p>\n<p>O evento ocorreu no p\u00e1tio interno da Universidade Federal do Oeste da Bahia, entre as 18 e 22 horas do dia 23 de julho de 2015, tendo como objetivo estimular a produ\u00e7\u00e3o cultural e art\u00edstica da comunidade interna do campus, bem como proporcionar uma troca de saberes e experi\u00eancias atrav\u00e9s de apresenta\u00e7\u00f5es de Arte e Cultura que promover\u00e3o a integra\u00e7\u00e3o das comunidades interna e externa do IF Baiano. Participou do evento um p\u00fablico estimado em 200 pessoas, incluindo servidores e estudantes do IF Baiano e a comunidade local.<\/p>\n<p>Com uma programa\u00e7\u00e3o diversificada, gra\u00e7as a participa\u00e7\u00e3o de grupos e artistas locais, a Mostra contou com Apresenta\u00e7\u00e3o da Filarm\u00f4nica Euterpe Lapense, do Artista Jo\u00e3o Pereira (famoso pelas can\u00e7\u00f5es que retratam o cotidiano das popula\u00e7\u00f5es ribeirinhas do Velho Chico), do Coro Baiano Encanto, Quarteto Baiano e Grupo de Flautas Recordari (projetos musicais coordenados pelo Prof. Vasni Filho, do Campus Bom Jesus da Lapa), do Grupo de Teatro Amadores da Arte (atuante no munic\u00edpio de Serra do Ramalho), do Coral Conviver e Grupo de Teatro formado por crian\u00e7as e adolescentes do CRAS (Centro de Refer\u00eancia em Assist\u00eancia Social do Bairro Jo\u00e3o Jo\u00e3o II, Bom Jesus da Lapa) e do estudante universit\u00e1rio Elvis Augusto (que realizou um belo recital po\u00e9tico).<\/p>\n<p>Confiram algumas fotos!<\/p>\n\n\t\t<style type=\"text\/css\">\n\t\t\t#gallery-1 {\n\t\t\t\tmargin: auto;\n\t\t\t}\n\t\t\t#gallery-1 .gallery-item {\n\t\t\t\tfloat: left;\n\t\t\t\tmargin-top: 10px;\n\t\t\t\ttext-align: center;\n\t\t\t\twidth: 25%;\n\t\t\t}\n\t\t\t#gallery-1 img {\n\t\t\t\tborder: 2px solid #cfcfcf;\n\t\t\t}\n\t\t\t#gallery-1 .gallery-caption {\n\t\t\t\tmargin-left: 0;\n\t\t\t}\n\t\t\t\/* see gallery_shortcode() in wp-includes\/media.php *\/\n\t\t<\/style>\n\t\t<div id='gallery-1' class='gallery galleryid-3960 gallery-columns-4 gallery-size-thumbnail'><dl class='gallery-item'>\n\t\t\t<dt class='gallery-icon landscape'>\n\t\t\t\t<a href='https:\/\/www.ifbaiano.edu.br\/unidades\/lapa\/files\/2015\/07\/apresentacao.jpg'><img width=\"150\" height=\"150\" src=\"https:\/\/www.ifbaiano.edu.br\/unidades\/lapa\/files\/2015\/07\/apresentacao-150x150.jpg\" class=\"attachment-thumbnail size-thumbnail\" alt=\"\" decoding=\"async\" loading=\"lazy\" aria-describedby=\"gallery-1-3974\" \/><\/a>\n\t\t\t<\/dt>\n\t\t\t\t<dd class='wp-caption-text gallery-caption' id='gallery-1-3974'>\n\t\t\t\tApresenta\u00e7\u00e3o das crian\u00e7as do CRAS.\n\t\t\t\t<\/dd><\/dl><dl class='gallery-item'>\n\t\t\t<dt class='gallery-icon landscape'>\n\t\t\t\t<a href='https:\/\/www.ifbaiano.edu.br\/unidades\/lapa\/files\/2015\/07\/Coral-Baiano-Encanto.jpg'><img width=\"150\" height=\"150\" src=\"https:\/\/www.ifbaiano.edu.br\/unidades\/lapa\/files\/2015\/07\/Coral-Baiano-Encanto-150x150.jpg\" class=\"attachment-thumbnail size-thumbnail\" alt=\"\" decoding=\"async\" loading=\"lazy\" aria-describedby=\"gallery-1-3962\" \/><\/a>\n\t\t\t<\/dt>\n\t\t\t\t<dd class='wp-caption-text gallery-caption' id='gallery-1-3962'>\n\t\t\t\tCoral Encanto Baiano.\n\t\t\t\t<\/dd><\/dl><dl class='gallery-item'>\n\t\t\t<dt class='gallery-icon landscape'>\n\t\t\t\t<a href='https:\/\/www.ifbaiano.edu.br\/unidades\/lapa\/files\/2015\/07\/Coral-Conviver.jpg'><img width=\"150\" height=\"150\" src=\"https:\/\/www.ifbaiano.edu.br\/unidades\/lapa\/files\/2015\/07\/Coral-Conviver-150x150.jpg\" class=\"attachment-thumbnail size-thumbnail\" alt=\"\" decoding=\"async\" loading=\"lazy\" aria-describedby=\"gallery-1-3963\" \/><\/a>\n\t\t\t<\/dt>\n\t\t\t\t<dd class='wp-caption-text gallery-caption' id='gallery-1-3963'>\n\t\t\t\tCoral Conviver.\n\t\t\t\t<\/dd><\/dl><dl class='gallery-item'>\n\t\t\t<dt class='gallery-icon landscape'>\n\t\t\t\t<a href='https:\/\/www.ifbaiano.edu.br\/unidades\/lapa\/files\/2015\/07\/exposicaoleocosta.jpg'><img width=\"150\" height=\"150\" src=\"https:\/\/www.ifbaiano.edu.br\/unidades\/lapa\/files\/2015\/07\/exposicaoleocosta-150x150.jpg\" class=\"attachment-thumbnail size-thumbnail\" alt=\"\" decoding=\"async\" loading=\"lazy\" aria-describedby=\"gallery-1-3975\" \/><\/a>\n\t\t\t<\/dt>\n\t\t\t\t<dd class='wp-caption-text gallery-caption' id='gallery-1-3975'>\n\t\t\t\tExposi\u00e7\u00e3o de Leo Costa.\n\t\t\t\t<\/dd><\/dl><br style=\"clear: both\" \/><dl class='gallery-item'>\n\t\t\t<dt class='gallery-icon landscape'>\n\t\t\t\t<a href='https:\/\/www.ifbaiano.edu.br\/unidades\/lapa\/files\/2015\/07\/filarmonica.jpg'><img width=\"150\" height=\"150\" src=\"https:\/\/www.ifbaiano.edu.br\/unidades\/lapa\/files\/2015\/07\/filarmonica-150x150.jpg\" class=\"attachment-thumbnail size-thumbnail\" alt=\"\" decoding=\"async\" loading=\"lazy\" aria-describedby=\"gallery-1-3976\" \/><\/a>\n\t\t\t<\/dt>\n\t\t\t\t<dd class='wp-caption-text gallery-caption' id='gallery-1-3976'>\n\t\t\t\tFilarm\u00f4nica Euterpe Lapense\n\t\t\t\t<\/dd><\/dl><dl class='gallery-item'>\n\t\t\t<dt class='gallery-icon landscape'>\n\t\t\t\t<a href='https:\/\/www.ifbaiano.edu.br\/unidades\/lapa\/files\/2015\/07\/publico.jpg'><img width=\"150\" height=\"150\" src=\"https:\/\/www.ifbaiano.edu.br\/unidades\/lapa\/files\/2015\/07\/publico-150x150.jpg\" class=\"attachment-thumbnail size-thumbnail\" alt=\"\" decoding=\"async\" loading=\"lazy\" aria-describedby=\"gallery-1-3977\" \/><\/a>\n\t\t\t<\/dt>\n\t\t\t\t<dd class='wp-caption-text gallery-caption' id='gallery-1-3977'>\n\t\t\t\tP\u00fablico presente. \n\t\t\t\t<\/dd><\/dl><dl class='gallery-item'>\n\t\t\t<dt class='gallery-icon landscape'>\n\t\t\t\t<a href='https:\/\/www.ifbaiano.edu.br\/unidades\/lapa\/files\/2015\/07\/Quarteto-Baiano.jpg'><img width=\"150\" height=\"150\" src=\"https:\/\/www.ifbaiano.edu.br\/unidades\/lapa\/files\/2015\/07\/Quarteto-Baiano-150x150.jpg\" class=\"attachment-thumbnail size-thumbnail\" alt=\"\" decoding=\"async\" loading=\"lazy\" aria-describedby=\"gallery-1-3967\" \/><\/a>\n\t\t\t<\/dt>\n\t\t\t\t<dd class='wp-caption-text gallery-caption' id='gallery-1-3967'>\n\t\t\t\tQuarteto Baiano\n\t\t\t\t<\/dd><\/dl>\n\t\t\t<br style='clear: both' \/>\n\t\t<\/div>\n\n<p>&nbsp;<\/p>\n<p>&nbsp;<\/p>\n<p>&nbsp;<\/p>\n","protected":false},"excerpt":{"rendered":"<p>O Campus Bom Jesus da Lapa realizou, em 23 de julho de 2015, a II Fase da Mostra Cultural, financiada pela Pr\u00f3-Reitoria de Extens\u00e3o do IFBaiano.<\/p>\n","protected":false},"author":36,"featured_media":0,"comment_status":"open","ping_status":"open","sticky":false,"template":"","format":"standard","meta":[],"categories":[1],"tags":[],"_links":{"self":[{"href":"https:\/\/www.ifbaiano.edu.br\/unidades\/lapa\/wp-json\/wp\/v2\/posts\/3960"}],"collection":[{"href":"https:\/\/www.ifbaiano.edu.br\/unidades\/lapa\/wp-json\/wp\/v2\/posts"}],"about":[{"href":"https:\/\/www.ifbaiano.edu.br\/unidades\/lapa\/wp-json\/wp\/v2\/types\/post"}],"author":[{"embeddable":true,"href":"https:\/\/www.ifbaiano.edu.br\/unidades\/lapa\/wp-json\/wp\/v2\/users\/36"}],"replies":[{"embeddable":true,"href":"https:\/\/www.ifbaiano.edu.br\/unidades\/lapa\/wp-json\/wp\/v2\/comments?post=3960"}],"version-history":[{"count":11,"href":"https:\/\/www.ifbaiano.edu.br\/unidades\/lapa\/wp-json\/wp\/v2\/posts\/3960\/revisions"}],"predecessor-version":[{"id":3972,"href":"https:\/\/www.ifbaiano.edu.br\/unidades\/lapa\/wp-json\/wp\/v2\/posts\/3960\/revisions\/3972"}],"wp:attachment":[{"href":"https:\/\/www.ifbaiano.edu.br\/unidades\/lapa\/wp-json\/wp\/v2\/media?parent=3960"}],"wp:term":[{"taxonomy":"category","embeddable":true,"href":"https:\/\/www.ifbaiano.edu.br\/unidades\/lapa\/wp-json\/wp\/v2\/categories?post=3960"},{"taxonomy":"post_tag","embeddable":true,"href":"https:\/\/www.ifbaiano.edu.br\/unidades\/lapa\/wp-json\/wp\/v2\/tags?post=3960"}],"curies":[{"name":"wp","href":"https:\/\/api.w.org\/{rel}","templated":true}]}}